{"id":3831,"date":"2023-01-16T08:00:26","date_gmt":"2023-01-16T07:00:26","guid":{"rendered":"https:\/\/puntoqpack.com\/blog\/?p=3831"},"modified":"2025-09-18T16:18:27","modified_gmt":"2025-09-18T14:18:27","slug":"adelantate-a-la-ley-de-prevencion-de-perdidas-y-desperdicio-alimentario","status":"publish","type":"post","link":"https:\/\/www.puntoqpack.com\/blog\/es\/adelantate-a-la-ley-de-prevencion-de-perdidas-y-desperdicio-alimentario\/","title":{"rendered":"Adel\u00e1ntate a la Ley de prevenci\u00f3n de p\u00e9rdidas y desperdicio alimentario"},"content":{"rendered":"<p>[et_pb_section fb_built=\u00bb1&#8243; admin_label=\u00bbsection\u00bb _builder_version=\u00bb3.0.47&#8243;][et_pb_row admin_label=\u00bbrow\u00bb _builder_version=\u00bb3.0.48&#8243; background_size=\u00bbinitial\u00bb background_position=\u00bbtop_left\u00bb background_repeat=\u00bbrepeat\u00bb][et_pb_column type=\u00bb4_4&#8243; _builder_version=\u00bb3.0.47&#8243; parallax=\u00bboff\u00bb parallax_method=\u00bbon\u00bb][et_pb_text admin_label=\u00bbText\u00bb _builder_version=\u00bb3.0.74&#8243; background_size=\u00bbinitial\u00bb background_position=\u00bbtop_left\u00bb background_repeat=\u00bbrepeat\u00bb]<\/p>\n<p>En las pr\u00f3ximas semanas entrar\u00e1 en vigor <strong>una nueva ley que cambiar\u00e1 algunas reglas en hosteler\u00eda y restauraci\u00f3n<\/strong>. Deber\u00e1s informar a tus clientes que cuentas con envases compostables, reutilizables y f\u00e1cilmente reciclables para que puedan llevarse el excedente alimentario a su casa de forma gratuita. Esta informaci\u00f3n deber\u00e1 estar clara y visible en tu establecimiento y carta.<\/p>\n<h3>\u00bfEn qu\u00e9 afecta esta ley a la restauraci\u00f3n y hosteler\u00eda?<\/h3>\n<p>Uno de los fines espec\u00edficos de esta novedosa ley es disminuir las p\u00e9rdidas y el desperdicio de alimentos mediante una gesti\u00f3n m\u00e1s eficiente de los recursos, promoviendo as\u00ed la econom\u00eda circular. Su \u00e1mbito de aplicaci\u00f3n ir\u00e1 enfocado directamente hacia los agentes de la cadena alimentaria, ya sea de producci\u00f3n, transformaci\u00f3n y distribuci\u00f3n de alimentos como es la hosteler\u00eda y restauraci\u00f3n.<\/p>\n<p>El 7 de junio de 2022 se aprob\u00f3 en el Consejo de Ministros el <span style=\"color: #e34f65;\"><a style=\"color: #e34f65;\" href=\"https:\/\/www.congreso.es\/public_oficiales\/L14\/CONG\/BOCG\/A\/BOCG-14-A-107-1.PDF\" target=\"_blank\" rel=\"noopener\">proyecto de Ley de Prevenci\u00f3n de P\u00e9rdidas y Desperdicio Alimentario<\/a><\/span>. Esta ley, que se encuentra en tramitaci\u00f3n parlamentaria para que entre en vigor lo antes posible, tendr\u00e1 como objetivo reducir el desecho de alimentos sin consumir y favorecer su aprovechamiento. Hasta su publicaci\u00f3n oficial lo que establece la ley es que todos los negocios del sector deber\u00e1n tener un plan de prevenci\u00f3n de p\u00e9rdidas y desperdicio, para que los comensales tengan la posibilidad de llevarse a casa lo que no se coman en tu restaurante.<\/p>\n<h3>Nuestra selecci\u00f3n de envases para adaptarte a las nuevas reglas<\/h3>\n<p>Elige el envase que mejor se adapte a tus necesiades en funci\u00f3n de material reciclable, reutilizable y compostable.<\/p>\n<ul>\n<li><span style=\"color: #e34f62;\"><a style=\"color: #e34f62;\" href=\"https:\/\/www.puntoqpack.com\/es\/envases-de-fibra\/86-caja-carton-compostable-doggy-bag-yo-no-lo-tiro-750-cc.html\" target=\"_blank\" rel=\"noopener\">Cajas con asas cart\u00f3n recicable (750cc)<\/a><\/span>. Un envase ideal para llevarse el excedente de comida a casa gracias a su asa incorporada. \u00a1Ah\u00f3rrate la bolsa! Con laminado interior resistente a las salsas y aceites. Disponible tambi\u00e9n en fibra home compost.<\/li>\n<li><a href=\"https:\/\/www.puntoqpack.com\/es\/envases-de-fibra\/86-caja-carton-compostable-doggy-bag-yo-no-lo-tiro-750-cc.html\" target=\"_blank\" rel=\"noopener\"><span style=\"color: #e34f62;\">Cajas con asas fibra compostable (750cc)<\/span><\/a>. La hermana de la caja con asas de cart\u00f3n. Es la opci\u00f3n m\u00e1s ecol\u00f3gica ya que es compostable, biodegradable y por supuesto reciclable.<\/li>\n<li><span style=\"color: #e34f62;\"><a style=\"color: #e34f62;\" href=\"https:\/\/www.puntoqpack.com\/es\/envases-para-comida-caliente\/370-envase-reusable-pp-y-con-tapa-incorporada-750cc.html\" target=\"_blank\" rel=\"noopener\">Envase reutilizable con tapa (750cc)<\/a><\/span>. Un envase de material PP con cierre herm\u00e9tico para todo tipo de comidas calientes y fr\u00edas. Es reutilizable por tus clientes en casa.<\/li>\n<li><a href=\"https:\/\/www.puntoqpack.com\/es\/cajas-carton-menu-para-llevar\/1674-envases-kraft-estancos-para-comidas-calientes-y-frias-750cc.html\" target=\"_blank\" rel=\"noopener\"><span style=\"color: #e34f62;\">Envases kraft de cart\u00f3n estancos (750cc)<\/span><\/a>. Un envase multifuncional v\u00e1lido para comidas calientes y fr\u00edas, con total estanqueidad. Acomp\u00e1\u00f1alos con sus tapas de cierre herm\u00e9tico.<\/li>\n<\/ul>\n<p><a href=\"https:\/\/www.puntoqpack.com\/es\/cajas-carton-menu-para-llevar\/867-doggy-bag-kraft-con-laminado-antigrasa-750cc.html\" target=\"_blank\" rel=\"noopener\">\u00a0\u00a0 <\/a><a href=\"https:\/\/www.puntoqpack.com\/es\/fibra\/86-caja-carton-compostable-doggy-bag-yo-no-lo-tiro-750-cc.html\" target=\"_blank\" rel=\"noopener\"><img decoding=\"async\" class=\"alignnone wp-image-3856 size-thumbnail lazyload\" title=\"Cajas con asas compostables (750cc)\" data-src=\"https:\/\/puntoqpack.com\/blog\/wp-content\/uploads\/2023\/01\/caja-carton-compostable-doggy-bag-yo-no-lo-tiro-750-cc-150x150.jpg\" alt=\"\" width=\"150\" height=\"150\" data-srcset=\"https:\/\/www.puntoqpack.com\/blog\/wp-content\/uploads\/2023\/01\/caja-carton-compostable-doggy-bag-yo-no-lo-tiro-750-cc-150x150.jpg 150w, https:\/\/www.puntoqpack.com\/blog\/wp-content\/uploads\/2023\/01\/caja-carton-compostable-doggy-bag-yo-no-lo-tiro-750-cc-300x300.jpg 300w, https:\/\/www.puntoqpack.com\/blog\/wp-content\/uploads\/2023\/01\/caja-carton-compostable-doggy-bag-yo-no-lo-tiro-750-cc-768x768.jpg 768w, https:\/\/www.puntoqpack.com\/blog\/wp-content\/uploads\/2023\/01\/caja-carton-compostable-doggy-bag-yo-no-lo-tiro-750-cc-120x120.jpg 120w, https:\/\/www.puntoqpack.com\/blog\/wp-content\/uploads\/2023\/01\/caja-carton-compostable-doggy-bag-yo-no-lo-tiro-750-cc.jpg 800w\" data-sizes=\"(max-width: 150px) 100vw, 150px\" src=\"data:image\/svg+xml;base64,PHN2ZyB3aWR0aD0iMSIgaGVpZ2h0PSIxIiB4bWxucz0iaHR0cDovL3d3dy53My5vcmcvMjAwMC9zdmciPjwvc3ZnPg==\" style=\"--smush-placeholder-width: 150px; --smush-placeholder-aspect-ratio: 150\/150;\" \/><\/a><a href=\"https:\/\/www.puntoqpack.com\/es\/cajas-carton-menu-para-llevar\/867-doggy-bag-kraft-con-laminado-antigrasa-750cc.html\" target=\"_blank\" rel=\"noopener\"> \u00a0 <\/a><a href=\"https:\/\/www.puntoqpack.com\/es\/cajas-carton-menu-para-llevar\/867-doggy-bag-kraft-con-laminado-antigrasa-750cc.html\" target=\"_blank\" rel=\"noopener\"><img decoding=\"async\" class=\"alignnone wp-image-3857 size-thumbnail lazyload\" data-src=\"https:\/\/puntoqpack.com\/blog\/wp-content\/uploads\/2023\/01\/doggy-bag-kraft-con-laminado-antigrasa-750cc-150x150.jpg\" alt=\"\" width=\"150\" height=\"150\" data-srcset=\"https:\/\/www.puntoqpack.com\/blog\/wp-content\/uploads\/2023\/01\/doggy-bag-kraft-con-laminado-antigrasa-750cc-150x150.jpg 150w, https:\/\/www.puntoqpack.com\/blog\/wp-content\/uploads\/2023\/01\/doggy-bag-kraft-con-laminado-antigrasa-750cc-300x300.jpg 300w, https:\/\/www.puntoqpack.com\/blog\/wp-content\/uploads\/2023\/01\/doggy-bag-kraft-con-laminado-antigrasa-750cc-768x768.jpg 768w, https:\/\/www.puntoqpack.com\/blog\/wp-content\/uploads\/2023\/01\/doggy-bag-kraft-con-laminado-antigrasa-750cc-120x120.jpg 120w, https:\/\/www.puntoqpack.com\/blog\/wp-content\/uploads\/2023\/01\/doggy-bag-kraft-con-laminado-antigrasa-750cc.jpg 800w\" data-sizes=\"(max-width: 150px) 100vw, 150px\" src=\"data:image\/svg+xml;base64,PHN2ZyB3aWR0aD0iMSIgaGVpZ2h0PSIxIiB4bWxucz0iaHR0cDovL3d3dy53My5vcmcvMjAwMC9zdmciPjwvc3ZnPg==\" style=\"--smush-placeholder-width: 150px; --smush-placeholder-aspect-ratio: 150\/150;\" \/><\/a><a href=\"https:\/\/www.puntoqpack.com\/es\/cajas-carton-menu-para-llevar\/1674-envases-kraft-estancos-para-comidas-calientes-y-frias-750cc.html\" target=\"_blank\" rel=\"noopener\"><img decoding=\"async\" class=\"alignnone wp-image-3859 size-thumbnail lazyload\" data-src=\"https:\/\/puntoqpack.com\/blog\/wp-content\/uploads\/2023\/01\/envases-kraft-estancos-para-comidas-calientes-y-frias-500cc-150x150.jpg\" alt=\"\" width=\"150\" height=\"150\" data-srcset=\"https:\/\/www.puntoqpack.com\/blog\/wp-content\/uploads\/2023\/01\/envases-kraft-estancos-para-comidas-calientes-y-frias-500cc-150x150.jpg 150w, https:\/\/www.puntoqpack.com\/blog\/wp-content\/uploads\/2023\/01\/envases-kraft-estancos-para-comidas-calientes-y-frias-500cc-300x300.jpg 300w, https:\/\/www.puntoqpack.com\/blog\/wp-content\/uploads\/2023\/01\/envases-kraft-estancos-para-comidas-calientes-y-frias-500cc-768x768.jpg 768w, https:\/\/www.puntoqpack.com\/blog\/wp-content\/uploads\/2023\/01\/envases-kraft-estancos-para-comidas-calientes-y-frias-500cc-120x120.jpg 120w, https:\/\/www.puntoqpack.com\/blog\/wp-content\/uploads\/2023\/01\/envases-kraft-estancos-para-comidas-calientes-y-frias-500cc.jpg 800w\" data-sizes=\"(max-width: 150px) 100vw, 150px\" src=\"data:image\/svg+xml;base64,PHN2ZyB3aWR0aD0iMSIgaGVpZ2h0PSIxIiB4bWxucz0iaHR0cDovL3d3dy53My5vcmcvMjAwMC9zdmciPjwvc3ZnPg==\" style=\"--smush-placeholder-width: 150px; --smush-placeholder-aspect-ratio: 150\/150;\" \/><\/a><\/p>\n<h3>\u00bfQu\u00e9 dice la ley?<\/h3>\n<p>Para adaptarse a este nuevo contexto que se avecina es primordial saber las obligaciones para las empresas de hosteler\u00eda y restauraci\u00f3n. Citando expresamente a la ley: <strong><em>Los agentes de la cadena alimentaria que sean empresas de la hosteler\u00eda y otros proveedores de servicios alimentarios tendr\u00e1n la obligaci\u00f3n de facilitar al consumidor que pueda llevarse, sin coste adicional alguno distinto, en su caso, del mencionado en el p\u00e1rrafo siguiente, los alimentos que no haya consumido, salvo en los formatos de servicio de buf\u00e9 libre o similares donde la disponibilidad de comida no est\u00e1 limitada, as\u00ed como informar de esta posibilidad de forma clara y visible en el propio establecimiento, preferentemente en la carta o el men\u00fa.<\/em><\/strong><\/p>\n<p><em>Para ello se emplear\u00e1n envases aptos para el uso alimentario, reutilizables, o f\u00e1cilmente reciclables. Para los envases o recipientes alimentarios de pl\u00e1stico de un solo uso deber\u00e1 tenerse en cuenta las disposiciones previstas en el t\u00edtulo V de la Ley 7\/2022, de 8 de abril, en especial las relativas a la necesidad de reducir su consumo de cara a cumplir los objetivos del art\u00edculo 55.1 de dicha ley y a la obligaci\u00f3n de su cobro.<\/em><\/p>\n<p><img decoding=\"async\" class=\"size-full wp-image-3858 aligncenter lazyload\" data-src=\"https:\/\/puntoqpack.com\/blog\/wp-content\/uploads\/2023\/01\/entrada-nuevo-BLOG.jpg\" alt=\"\" width=\"861\" height=\"342\" data-srcset=\"https:\/\/www.puntoqpack.com\/blog\/wp-content\/uploads\/2023\/01\/entrada-nuevo-BLOG.jpg 861w, https:\/\/www.puntoqpack.com\/blog\/wp-content\/uploads\/2023\/01\/entrada-nuevo-BLOG-300x119.jpg 300w, https:\/\/www.puntoqpack.com\/blog\/wp-content\/uploads\/2023\/01\/entrada-nuevo-BLOG-768x305.jpg 768w\" data-sizes=\"(max-width: 861px) 100vw, 861px\" src=\"data:image\/svg+xml;base64,PHN2ZyB3aWR0aD0iMSIgaGVpZ2h0PSIxIiB4bWxucz0iaHR0cDovL3d3dy53My5vcmcvMjAwMC9zdmciPjwvc3ZnPg==\" style=\"--smush-placeholder-width: 861px; --smush-placeholder-aspect-ratio: 861\/342;\" \/><\/p>\n<p>&nbsp;<\/p>\n<p>[\/et_pb_text][\/et_pb_column][\/et_pb_row][\/et_pb_section]<\/p>\n","protected":false},"excerpt":{"rendered":"<p>[et_pb_section fb_built=\u00bb1&#8243; admin_label=\u00bbsection\u00bb _builder_version=\u00bb3.0.47&#8243;][et_pb_row admin_label=\u00bbrow\u00bb _builder_version=\u00bb3.0.48&#8243; background_size=\u00bbinitial\u00bb background_position=\u00bbtop_left\u00bb background_repeat=\u00bbrepeat\u00bb][et_pb_column type=\u00bb4_4&#8243; _builder_version=\u00bb3.0.47&#8243; parallax=\u00bboff\u00bb parallax_method=\u00bbon\u00bb][et_pb_text admin_label=\u00bbText\u00bb _builder_version=\u00bb3.0.74&#8243; background_size=\u00bbinitial\u00bb background_position=\u00bbtop_left\u00bb background_repeat=\u00bbrepeat\u00bb] En las pr\u00f3ximas semanas entrar\u00e1 en vigor una nueva ley que cambiar\u00e1 algunas reglas en hosteler\u00eda y restauraci\u00f3n. Deber\u00e1s informar a tus clientes que cuentas con envases compostables, reutilizables y f\u00e1cilmente reciclables para que puedan llevarse el [&hellip;]<\/p>\n","protected":false},"author":4,"featured_media":3849,"comment_status":"closed","ping_status":"closed","sticky":false,"template":"","format":"standard","meta":{"iawp_total_views":0,"footnotes":""},"categories":[126],"tags":[],"class_list":["post-3831","post","type-post","status-publish","format-standard","has-post-thumbnail","hentry","category-packaging"],"yoast_head":"<!-- This site is optimized with the Yoast SEO plugin v26.6 - https:\/\/yoast.com\/wordpress\/plugins\/seo\/ -->\n<title>Adel\u00e1ntate a la Ley de prevenci\u00f3n de p\u00e9rdidas y desperdicio alimentario - BlogQPack<\/title>\n<meta name=\"robots\" content=\"index, follow, max-snippet:-1, max-image-preview:large, max-video-preview:-1\" \/>\n<link rel=\"canonical\" href=\"https:\/\/www.puntoqpack.com\/blog\/es\/adelantate-a-la-ley-de-prevencion-de-perdidas-y-desperdicio-alimentario\/\" \/>\n<meta property=\"og:locale\" content=\"es_ES\" \/>\n<meta property=\"og:type\" content=\"article\" \/>\n<meta property=\"og:title\" content=\"Adel\u00e1ntate a la Ley de prevenci\u00f3n de p\u00e9rdidas y desperdicio alimentario - BlogQPack\" \/>\n<meta property=\"og:description\" content=\"[et_pb_section fb_built=\u00bb1&#8243; admin_label=\u00bbsection\u00bb _builder_version=\u00bb3.0.47&#8243;][et_pb_row admin_label=\u00bbrow\u00bb _builder_version=\u00bb3.0.48&#8243; background_size=\u00bbinitial\u00bb background_position=\u00bbtop_left\u00bb background_repeat=\u00bbrepeat\u00bb][et_pb_column type=\u00bb4_4&#8243; _builder_version=\u00bb3.0.47&#8243; parallax=\u00bboff\u00bb parallax_method=\u00bbon\u00bb][et_pb_text admin_label=\u00bbText\u00bb _builder_version=\u00bb3.0.74&#8243; background_size=\u00bbinitial\u00bb background_position=\u00bbtop_left\u00bb background_repeat=\u00bbrepeat\u00bb] En las pr\u00f3ximas semanas entrar\u00e1 en vigor una nueva ley que cambiar\u00e1 algunas reglas en hosteler\u00eda y restauraci\u00f3n. Deber\u00e1s informar a tus clientes que cuentas con envases compostables, reutilizables y f\u00e1cilmente reciclables para que puedan llevarse el [&hellip;]\" \/>\n<meta property=\"og:url\" content=\"https:\/\/www.puntoqpack.com\/blog\/es\/adelantate-a-la-ley-de-prevencion-de-perdidas-y-desperdicio-alimentario\/\" \/>\n<meta property=\"og:site_name\" content=\"BlogQPack\" \/>\n<meta property=\"article:publisher\" content=\"https:\/\/www.facebook.com\/puntoqpack\" \/>\n<meta property=\"article:published_time\" content=\"2023-01-16T07:00:26+00:00\" \/>\n<meta property=\"article:modified_time\" content=\"2025-09-18T14:18:27+00:00\" \/>\n<meta property=\"og:image\" content=\"https:\/\/www.puntoqpack.com\/blog\/wp-content\/uploads\/2023\/01\/FOTOBLOG-1.jpg\" \/>\n\t<meta property=\"og:image:width\" content=\"861\" \/>\n\t<meta property=\"og:image:height\" content=\"342\" \/>\n\t<meta property=\"og:image:type\" content=\"image\/jpeg\" \/>\n<meta name=\"author\" content=\"adminBQP\" \/>\n<meta name=\"twitter:card\" content=\"summary_large_image\" \/>\n<meta name=\"twitter:label1\" content=\"Escrito por\" \/>\n\t<meta name=\"twitter:data1\" content=\"adminBQP\" \/>\n\t<meta name=\"twitter:label2\" content=\"Tiempo de lectura\" \/>\n\t<meta name=\"twitter:data2\" content=\"3 minutos\" \/>\n<script type=\"application\/ld+json\" class=\"yoast-schema-graph\">{\"@context\":\"https:\/\/schema.org\",\"@graph\":[{\"@type\":\"Article\",\"@id\":\"https:\/\/www.puntoqpack.com\/blog\/es\/adelantate-a-la-ley-de-prevencion-de-perdidas-y-desperdicio-alimentario\/#article\",\"isPartOf\":{\"@id\":\"https:\/\/www.puntoqpack.com\/blog\/es\/adelantate-a-la-ley-de-prevencion-de-perdidas-y-desperdicio-alimentario\/\"},\"author\":{\"name\":\"adminBQP\",\"@id\":\"https:\/\/www.puntoqpack.com\/blog\/#\/schema\/person\/28856d02e850632eafe8646d6d22dc09\"},\"headline\":\"Adel\u00e1ntate a la Ley de prevenci\u00f3n de p\u00e9rdidas y desperdicio alimentario\",\"datePublished\":\"2023-01-16T07:00:26+00:00\",\"dateModified\":\"2025-09-18T14:18:27+00:00\",\"mainEntityOfPage\":{\"@id\":\"https:\/\/www.puntoqpack.com\/blog\/es\/adelantate-a-la-ley-de-prevencion-de-perdidas-y-desperdicio-alimentario\/\"},\"wordCount\":703,\"publisher\":{\"@id\":\"https:\/\/www.puntoqpack.com\/blog\/#organization\"},\"image\":{\"@id\":\"https:\/\/www.puntoqpack.com\/blog\/es\/adelantate-a-la-ley-de-prevencion-de-perdidas-y-desperdicio-alimentario\/#primaryimage\"},\"thumbnailUrl\":\"https:\/\/www.puntoqpack.com\/blog\/wp-content\/uploads\/2023\/01\/FOTOBLOG-1.jpg\",\"articleSection\":[\"Packaging\"],\"inLanguage\":\"es\"},{\"@type\":\"WebPage\",\"@id\":\"https:\/\/www.puntoqpack.com\/blog\/es\/adelantate-a-la-ley-de-prevencion-de-perdidas-y-desperdicio-alimentario\/\",\"url\":\"https:\/\/www.puntoqpack.com\/blog\/es\/adelantate-a-la-ley-de-prevencion-de-perdidas-y-desperdicio-alimentario\/\",\"name\":\"Adel\u00e1ntate a la Ley de prevenci\u00f3n de p\u00e9rdidas y desperdicio alimentario - BlogQPack\",\"isPartOf\":{\"@id\":\"https:\/\/www.puntoqpack.com\/blog\/#website\"},\"primaryImageOfPage\":{\"@id\":\"https:\/\/www.puntoqpack.com\/blog\/es\/adelantate-a-la-ley-de-prevencion-de-perdidas-y-desperdicio-alimentario\/#primaryimage\"},\"image\":{\"@id\":\"https:\/\/www.puntoqpack.com\/blog\/es\/adelantate-a-la-ley-de-prevencion-de-perdidas-y-desperdicio-alimentario\/#primaryimage\"},\"thumbnailUrl\":\"https:\/\/www.puntoqpack.com\/blog\/wp-content\/uploads\/2023\/01\/FOTOBLOG-1.jpg\",\"datePublished\":\"2023-01-16T07:00:26+00:00\",\"dateModified\":\"2025-09-18T14:18:27+00:00\",\"breadcrumb\":{\"@id\":\"https:\/\/www.puntoqpack.com\/blog\/es\/adelantate-a-la-ley-de-prevencion-de-perdidas-y-desperdicio-alimentario\/#breadcrumb\"},\"inLanguage\":\"es\",\"potentialAction\":[{\"@type\":\"ReadAction\",\"target\":[\"https:\/\/www.puntoqpack.com\/blog\/es\/adelantate-a-la-ley-de-prevencion-de-perdidas-y-desperdicio-alimentario\/\"]}]},{\"@type\":\"ImageObject\",\"inLanguage\":\"es\",\"@id\":\"https:\/\/www.puntoqpack.com\/blog\/es\/adelantate-a-la-ley-de-prevencion-de-perdidas-y-desperdicio-alimentario\/#primaryimage\",\"url\":\"https:\/\/www.puntoqpack.com\/blog\/wp-content\/uploads\/2023\/01\/FOTOBLOG-1.jpg\",\"contentUrl\":\"https:\/\/www.puntoqpack.com\/blog\/wp-content\/uploads\/2023\/01\/FOTOBLOG-1.jpg\",\"width\":861,\"height\":342},{\"@type\":\"BreadcrumbList\",\"@id\":\"https:\/\/www.puntoqpack.com\/blog\/es\/adelantate-a-la-ley-de-prevencion-de-perdidas-y-desperdicio-alimentario\/#breadcrumb\",\"itemListElement\":[{\"@type\":\"ListItem\",\"position\":1,\"name\":\"Portada\",\"item\":\"https:\/\/www.puntoqpack.com\/blog\/\"},{\"@type\":\"ListItem\",\"position\":2,\"name\":\"Adel\u00e1ntate a la Ley de prevenci\u00f3n de p\u00e9rdidas y desperdicio alimentario\"}]},{\"@type\":\"WebSite\",\"@id\":\"https:\/\/www.puntoqpack.com\/blog\/#website\",\"url\":\"https:\/\/www.puntoqpack.com\/blog\/\",\"name\":\"BlogQPack\",\"description\":\"El blog de packaging gastron\u00f3mico de PuntoQpack\",\"publisher\":{\"@id\":\"https:\/\/www.puntoqpack.com\/blog\/#organization\"},\"potentialAction\":[{\"@type\":\"SearchAction\",\"target\":{\"@type\":\"EntryPoint\",\"urlTemplate\":\"https:\/\/www.puntoqpack.com\/blog\/?s={search_term_string}\"},\"query-input\":{\"@type\":\"PropertyValueSpecification\",\"valueRequired\":true,\"valueName\":\"search_term_string\"}}],\"inLanguage\":\"es\"},{\"@type\":\"Organization\",\"@id\":\"https:\/\/www.puntoqpack.com\/blog\/#organization\",\"name\":\"BlogQPack\",\"url\":\"https:\/\/www.puntoqpack.com\/blog\/\",\"logo\":{\"@type\":\"ImageObject\",\"inLanguage\":\"es\",\"@id\":\"https:\/\/www.puntoqpack.com\/blog\/#\/schema\/logo\/image\/\",\"url\":\"https:\/\/www.puntoqpack.com\/blog\/wp-content\/uploads\/2025\/07\/q-linkedin.jpg\",\"contentUrl\":\"https:\/\/www.puntoqpack.com\/blog\/wp-content\/uploads\/2025\/07\/q-linkedin.jpg\",\"width\":1080,\"height\":1080,\"caption\":\"BlogQPack\"},\"image\":{\"@id\":\"https:\/\/www.puntoqpack.com\/blog\/#\/schema\/logo\/image\/\"},\"sameAs\":[\"https:\/\/www.facebook.com\/puntoqpack\",\"https:\/\/www.instagram.com\/puntoqpack\/\"]},{\"@type\":\"Person\",\"@id\":\"https:\/\/www.puntoqpack.com\/blog\/#\/schema\/person\/28856d02e850632eafe8646d6d22dc09\",\"name\":\"adminBQP\",\"image\":{\"@type\":\"ImageObject\",\"inLanguage\":\"es\",\"@id\":\"https:\/\/www.puntoqpack.com\/blog\/#\/schema\/person\/image\/\",\"url\":\"https:\/\/secure.gravatar.com\/avatar\/1db9b4a149a3410a35201fd631cb338580db4a4828b82c5e8baa50c2a9765094?s=96&d=mm&r=g\",\"contentUrl\":\"https:\/\/secure.gravatar.com\/avatar\/1db9b4a149a3410a35201fd631cb338580db4a4828b82c5e8baa50c2a9765094?s=96&d=mm&r=g\",\"caption\":\"adminBQP\"},\"url\":\"https:\/\/www.puntoqpack.com\/blog\/es\/author\/aconesag\/\"}]}<\/script>\n<!-- \/ Yoast SEO plugin. -->","yoast_head_json":{"title":"Adel\u00e1ntate a la Ley de prevenci\u00f3n de p\u00e9rdidas y desperdicio alimentario - BlogQPack","robots":{"index":"index","follow":"follow","max-snippet":"max-snippet:-1","max-image-preview":"max-image-preview:large","max-video-preview":"max-video-preview:-1"},"canonical":"https:\/\/www.puntoqpack.com\/blog\/es\/adelantate-a-la-ley-de-prevencion-de-perdidas-y-desperdicio-alimentario\/","og_locale":"es_ES","og_type":"article","og_title":"Adel\u00e1ntate a la Ley de prevenci\u00f3n de p\u00e9rdidas y desperdicio alimentario - BlogQPack","og_description":"[et_pb_section fb_built=\u00bb1&#8243; admin_label=\u00bbsection\u00bb _builder_version=\u00bb3.0.47&#8243;][et_pb_row admin_label=\u00bbrow\u00bb _builder_version=\u00bb3.0.48&#8243; background_size=\u00bbinitial\u00bb background_position=\u00bbtop_left\u00bb background_repeat=\u00bbrepeat\u00bb][et_pb_column type=\u00bb4_4&#8243; _builder_version=\u00bb3.0.47&#8243; parallax=\u00bboff\u00bb parallax_method=\u00bbon\u00bb][et_pb_text admin_label=\u00bbText\u00bb _builder_version=\u00bb3.0.74&#8243; background_size=\u00bbinitial\u00bb background_position=\u00bbtop_left\u00bb background_repeat=\u00bbrepeat\u00bb] En las pr\u00f3ximas semanas entrar\u00e1 en vigor una nueva ley que cambiar\u00e1 algunas reglas en hosteler\u00eda y restauraci\u00f3n. Deber\u00e1s informar a tus clientes que cuentas con envases compostables, reutilizables y f\u00e1cilmente reciclables para que puedan llevarse el [&hellip;]","og_url":"https:\/\/www.puntoqpack.com\/blog\/es\/adelantate-a-la-ley-de-prevencion-de-perdidas-y-desperdicio-alimentario\/","og_site_name":"BlogQPack","article_publisher":"https:\/\/www.facebook.com\/puntoqpack","article_published_time":"2023-01-16T07:00:26+00:00","article_modified_time":"2025-09-18T14:18:27+00:00","og_image":[{"width":861,"height":342,"url":"https:\/\/www.puntoqpack.com\/blog\/wp-content\/uploads\/2023\/01\/FOTOBLOG-1.jpg","type":"image\/jpeg"}],"author":"adminBQP","twitter_card":"summary_large_image","twitter_misc":{"Escrito por":"adminBQP","Tiempo de lectura":"3 minutos"},"schema":{"@context":"https:\/\/schema.org","@graph":[{"@type":"Article","@id":"https:\/\/www.puntoqpack.com\/blog\/es\/adelantate-a-la-ley-de-prevencion-de-perdidas-y-desperdicio-alimentario\/#article","isPartOf":{"@id":"https:\/\/www.puntoqpack.com\/blog\/es\/adelantate-a-la-ley-de-prevencion-de-perdidas-y-desperdicio-alimentario\/"},"author":{"name":"adminBQP","@id":"https:\/\/www.puntoqpack.com\/blog\/#\/schema\/person\/28856d02e850632eafe8646d6d22dc09"},"headline":"Adel\u00e1ntate a la Ley de prevenci\u00f3n de p\u00e9rdidas y desperdicio alimentario","datePublished":"2023-01-16T07:00:26+00:00","dateModified":"2025-09-18T14:18:27+00:00","mainEntityOfPage":{"@id":"https:\/\/www.puntoqpack.com\/blog\/es\/adelantate-a-la-ley-de-prevencion-de-perdidas-y-desperdicio-alimentario\/"},"wordCount":703,"publisher":{"@id":"https:\/\/www.puntoqpack.com\/blog\/#organization"},"image":{"@id":"https:\/\/www.puntoqpack.com\/blog\/es\/adelantate-a-la-ley-de-prevencion-de-perdidas-y-desperdicio-alimentario\/#primaryimage"},"thumbnailUrl":"https:\/\/www.puntoqpack.com\/blog\/wp-content\/uploads\/2023\/01\/FOTOBLOG-1.jpg","articleSection":["Packaging"],"inLanguage":"es"},{"@type":"WebPage","@id":"https:\/\/www.puntoqpack.com\/blog\/es\/adelantate-a-la-ley-de-prevencion-de-perdidas-y-desperdicio-alimentario\/","url":"https:\/\/www.puntoqpack.com\/blog\/es\/adelantate-a-la-ley-de-prevencion-de-perdidas-y-desperdicio-alimentario\/","name":"Adel\u00e1ntate a la Ley de prevenci\u00f3n de p\u00e9rdidas y desperdicio alimentario - BlogQPack","isPartOf":{"@id":"https:\/\/www.puntoqpack.com\/blog\/#website"},"primaryImageOfPage":{"@id":"https:\/\/www.puntoqpack.com\/blog\/es\/adelantate-a-la-ley-de-prevencion-de-perdidas-y-desperdicio-alimentario\/#primaryimage"},"image":{"@id":"https:\/\/www.puntoqpack.com\/blog\/es\/adelantate-a-la-ley-de-prevencion-de-perdidas-y-desperdicio-alimentario\/#primaryimage"},"thumbnailUrl":"https:\/\/www.puntoqpack.com\/blog\/wp-content\/uploads\/2023\/01\/FOTOBLOG-1.jpg","datePublished":"2023-01-16T07:00:26+00:00","dateModified":"2025-09-18T14:18:27+00:00","breadcrumb":{"@id":"https:\/\/www.puntoqpack.com\/blog\/es\/adelantate-a-la-ley-de-prevencion-de-perdidas-y-desperdicio-alimentario\/#breadcrumb"},"inLanguage":"es","potentialAction":[{"@type":"ReadAction","target":["https:\/\/www.puntoqpack.com\/blog\/es\/adelantate-a-la-ley-de-prevencion-de-perdidas-y-desperdicio-alimentario\/"]}]},{"@type":"ImageObject","inLanguage":"es","@id":"https:\/\/www.puntoqpack.com\/blog\/es\/adelantate-a-la-ley-de-prevencion-de-perdidas-y-desperdicio-alimentario\/#primaryimage","url":"https:\/\/www.puntoqpack.com\/blog\/wp-content\/uploads\/2023\/01\/FOTOBLOG-1.jpg","contentUrl":"https:\/\/www.puntoqpack.com\/blog\/wp-content\/uploads\/2023\/01\/FOTOBLOG-1.jpg","width":861,"height":342},{"@type":"BreadcrumbList","@id":"https:\/\/www.puntoqpack.com\/blog\/es\/adelantate-a-la-ley-de-prevencion-de-perdidas-y-desperdicio-alimentario\/#breadcrumb","itemListElement":[{"@type":"ListItem","position":1,"name":"Portada","item":"https:\/\/www.puntoqpack.com\/blog\/"},{"@type":"ListItem","position":2,"name":"Adel\u00e1ntate a la Ley de prevenci\u00f3n de p\u00e9rdidas y desperdicio alimentario"}]},{"@type":"WebSite","@id":"https:\/\/www.puntoqpack.com\/blog\/#website","url":"https:\/\/www.puntoqpack.com\/blog\/","name":"BlogQPack","description":"El blog de packaging gastron\u00f3mico de PuntoQpack","publisher":{"@id":"https:\/\/www.puntoqpack.com\/blog\/#organization"},"potentialAction":[{"@type":"SearchAction","target":{"@type":"EntryPoint","urlTemplate":"https:\/\/www.puntoqpack.com\/blog\/?s={search_term_string}"},"query-input":{"@type":"PropertyValueSpecification","valueRequired":true,"valueName":"search_term_string"}}],"inLanguage":"es"},{"@type":"Organization","@id":"https:\/\/www.puntoqpack.com\/blog\/#organization","name":"BlogQPack","url":"https:\/\/www.puntoqpack.com\/blog\/","logo":{"@type":"ImageObject","inLanguage":"es","@id":"https:\/\/www.puntoqpack.com\/blog\/#\/schema\/logo\/image\/","url":"https:\/\/www.puntoqpack.com\/blog\/wp-content\/uploads\/2025\/07\/q-linkedin.jpg","contentUrl":"https:\/\/www.puntoqpack.com\/blog\/wp-content\/uploads\/2025\/07\/q-linkedin.jpg","width":1080,"height":1080,"caption":"BlogQPack"},"image":{"@id":"https:\/\/www.puntoqpack.com\/blog\/#\/schema\/logo\/image\/"},"sameAs":["https:\/\/www.facebook.com\/puntoqpack","https:\/\/www.instagram.com\/puntoqpack\/"]},{"@type":"Person","@id":"https:\/\/www.puntoqpack.com\/blog\/#\/schema\/person\/28856d02e850632eafe8646d6d22dc09","name":"adminBQP","image":{"@type":"ImageObject","inLanguage":"es","@id":"https:\/\/www.puntoqpack.com\/blog\/#\/schema\/person\/image\/","url":"https:\/\/secure.gravatar.com\/avatar\/1db9b4a149a3410a35201fd631cb338580db4a4828b82c5e8baa50c2a9765094?s=96&d=mm&r=g","contentUrl":"https:\/\/secure.gravatar.com\/avatar\/1db9b4a149a3410a35201fd631cb338580db4a4828b82c5e8baa50c2a9765094?s=96&d=mm&r=g","caption":"adminBQP"},"url":"https:\/\/www.puntoqpack.com\/blog\/es\/author\/aconesag\/"}]}},"_links":{"self":[{"href":"https:\/\/www.puntoqpack.com\/blog\/es\/wp-json\/wp\/v2\/posts\/3831","targetHints":{"allow":["GET"]}}],"collection":[{"href":"https:\/\/www.puntoqpack.com\/blog\/es\/wp-json\/wp\/v2\/posts"}],"about":[{"href":"https:\/\/www.puntoqpack.com\/blog\/es\/wp-json\/wp\/v2\/types\/post"}],"author":[{"embeddable":true,"href":"https:\/\/www.puntoqpack.com\/blog\/es\/wp-json\/wp\/v2\/users\/4"}],"replies":[{"embeddable":true,"href":"https:\/\/www.puntoqpack.com\/blog\/es\/wp-json\/wp\/v2\/comments?post=3831"}],"version-history":[{"count":21,"href":"https:\/\/www.puntoqpack.com\/blog\/es\/wp-json\/wp\/v2\/posts\/3831\/revisions"}],"predecessor-version":[{"id":5647,"href":"https:\/\/www.puntoqpack.com\/blog\/es\/wp-json\/wp\/v2\/posts\/3831\/revisions\/5647"}],"wp:featuredmedia":[{"embeddable":true,"href":"https:\/\/www.puntoqpack.com\/blog\/es\/wp-json\/wp\/v2\/media\/3849"}],"wp:attachment":[{"href":"https:\/\/www.puntoqpack.com\/blog\/es\/wp-json\/wp\/v2\/media?parent=3831"}],"wp:term":[{"taxonomy":"category","embeddable":true,"href":"https:\/\/www.puntoqpack.com\/blog\/es\/wp-json\/wp\/v2\/categories?post=3831"},{"taxonomy":"post_tag","embeddable":true,"href":"https:\/\/www.puntoqpack.com\/blog\/es\/wp-json\/wp\/v2\/tags?post=3831"}],"curies":[{"name":"wp","href":"https:\/\/api.w.org\/{rel}","templated":true}]}}