{"id":2223,"date":"2021-10-02T11:20:52","date_gmt":"2021-10-02T10:20:52","guid":{"rendered":"https:\/\/puntoqpack2.proyectos-lineagrafica.com\/blog\/?p=2223"},"modified":"2025-09-12T11:17:48","modified_gmt":"2025-09-12T09:17:48","slug":"packaging-para-cafe-del-vaso-a-la-calle","status":"publish","type":"post","link":"https:\/\/www.puntoqpack.com\/blog\/es\/packaging-para-cafe-del-vaso-a-la-calle\/","title":{"rendered":"Packaging para caf\u00e9: del vaso a la calle"},"content":{"rendered":"<p>[et_pb_section fb_built=\u00bb1&#8243; _builder_version=\u00bb3.0.47&#8243;][et_pb_row _builder_version=\u00bb3.0.48&#8243; background_size=\u00bbinitial\u00bb background_position=\u00bbtop_left\u00bb background_repeat=\u00bbrepeat\u00bb][et_pb_column type=\u00bb4_4&#8243; _builder_version=\u00bb3.0.47&#8243; parallax=\u00bboff\u00bb parallax_method=\u00bbon\u00bb][et_pb_text _builder_version=\u00bb3.16.1&#8243;]<\/p>\n<h3><span style=\"color: #6fc72a;\"><strong>Packaging para caf\u00e9<\/strong><\/span><\/h3>\n<p>[\/et_pb_text][et_pb_text _builder_version=\u00bb3.16.1&#8243; text_font_size=\u00bb15px\u00bb text_orientation=\u00bbjustified\u00bb]Imagino que ya andais todos como locos con los preparativos navide\u00f1os, dise\u00f1ando los men\u00fas, haciendo las compras en los mercados, preparando la decoraci\u00f3n del local\u2026 Nosotros ya estamos manos a la obra y recargando pilas para estas semanas de tant\u00edsimo trabajo. Toda una locura de pedidos, personalizados especiales para estas fiestas que al final lo que nos mantiene en marcha es una sobredosis de cafeina, aunque mi compa\u00f1era Ana es de las que prefiere el chocolate y unos churritos para acompa\u00f1ar.<\/p>\n<p>Toda una locura de ir y venir con nuestro <strong>vaso de caf\u00e9 <\/strong>en la mano, a visitar clientes, mostrarles nuestros envases, asesor\u00e1ndoles, y s\u00ed, confirmo que a mi me da la vida ese caf\u00e9 que me tomo antes del trabajo, a media ma\u00f1ana y \u00bfpor qu\u00e9 no? antes de acabar el horario de trabajo. Nunca me habia fijado qu\u00e9 tan presente est\u00e1 el caf\u00e9 en nuestras vidas y todo lo que ha evolucionado el packaging que nos permite llevarlo a cualquier parte en un <strong>vaso de cart\u00f3n<\/strong> que mantiene todas sus propiedades, con unas decoraciones vintage, tipograf\u00edas super molonas y colores que resaltan el logo de nuestro restaurante favorito.<br \/>\n[\/et_pb_text][et_pb_image src=\u00bbhttps:\/\/puntoqpack2.proyectos-lineagrafica.com\/blog\/wp-content\/uploads\/2019\/07\/packaging-para-cafe-1-_puntoqpack.jpg\u00bb align=\u00bbcenter\u00bb _builder_version=\u00bb3.16.1&#8243;][\/et_pb_image][et_pb_text _builder_version=\u00bb3.16.1&#8243; text_font_size=\u00bb15px\u00bb text_orientation=\u00bbjustified\u00bb]<\/p>\n<blockquote><p><em>Cada vez son m\u00e1s las personas que, lejos de quedarse a tomar un caf\u00e9 en el propio local, se animan a salir a la calle con la bebida puesta en vasos desechables mientras se dirigen a su trabajo. <\/em><\/p><\/blockquote>\n<p>El packaging para vasos de caf\u00e9 est\u00e1 cada vez m\u00e1s extendido en Espa\u00f1a. Caf\u00e9 \u00abtake away\u00bb le llaman algunos pues es para llevar y tomar por el camino, para sentarse en un banco del parque con su caf\u00e9 en la mano o para disfrutar y pasear cuando hace buen tiempo.<\/p>\n<p>\u00a1Pero no existe un solo estilo de vaso! El caf\u00e9 tiene muchas posibilidades diferentes a la hora de escoger su packaging, . Dise\u00f1os originales y creativos que te diferencian del resto de competidores y que hacen de tu negocio sea el \u00ablocal del caf\u00e9 para llevar\u00bb que est\u00e1 m\u00e1s de moda. El caf\u00e9 ha de estar bueno, pero el envoltorio dice mucho y es el que llevar\u00e1 a m\u00e1s clientes a visitar vuestro negocio.<br \/>\n[\/et_pb_text][\/et_pb_column][\/et_pb_row][et_pb_row _builder_version=\u00bb3.0.48&#8243; background_size=\u00bbinitial\u00bb background_position=\u00bbtop_left\u00bb background_repeat=\u00bbrepeat\u00bb][et_pb_column type=\u00bb4_4&#8243; _builder_version=\u00bb3.0.47&#8243; parallax=\u00bboff\u00bb parallax_method=\u00bbon\u00bb][et_pb_text _builder_version=\u00bb3.16.1&#8243;]<\/p>\n<h3><span style=\"color: #6fc72a;\"><strong>Vasos de cart\u00f3n y vasos caf\u00e9<\/strong><\/span><\/h3>\n<p>[\/et_pb_text][et_pb_text _builder_version=\u00bb3.16.1&#8243; text_font_size=\u00bb15px\u00bb text_orientation=\u00bbjustified\u00bb]Antes de la existencia de los <strong>vasos \u00abtake away\u00bb<\/strong>, est\u00e1bamos vetados al bar o a la terraza, o bien el termo que anta\u00f1o tanto usaban nuestros padres. Hoy d\u00eda gracias a los <strong>vasos desechables<\/strong> podemos disfrutar de una bebida caliente en el lugar que nos apetezca y en cualquier \u00e9poca del a\u00f1o. Una amplia gama de <strong>vasos desechables para caf\u00e9<\/strong> donde poder servir tus especialidades con mucho estilo y personalizaci\u00f3n.<br \/>\n[\/et_pb_text][\/et_pb_column][\/et_pb_row][et_pb_row _builder_version=\u00bb3.0.48&#8243; background_size=\u00bbinitial\u00bb background_position=\u00bbtop_left\u00bb background_repeat=\u00bbrepeat\u00bb][et_pb_column type=\u00bb1_3&#8243; _builder_version=\u00bb3.0.47&#8243; parallax=\u00bboff\u00bb parallax_method=\u00bbon\u00bb][et_pb_image src=\u00bbhttps:\/\/puntoqpack2.proyectos-lineagrafica.com\/blog\/wp-content\/uploads\/2019\/07\/packaging-para-cafe-2-_puntoqpack.jpg\u00bb align=\u00bbcenter\u00bb _builder_version=\u00bb3.16.1&#8243;][\/et_pb_image][et_pb_text _builder_version=\u00bb3.16.1&#8243;]<\/p>\n<h5 style=\"text-align: center;\"><a title=\"Vasos de Cart\u00f3n para caf\u00e9 Blanco 118 ml 4oz\" href=\"https:\/\/www.puntoqpack.com\/bebidas-calientes\/1092-vaso-de-carton-blanco-para-cafe-118-ml-4-oz-.html\" target=\"_blank\" rel=\"noopener noreferrer\">\u00a0<\/a><strong><a href=\"https:\/\/www.puntoqpack.com\/es\/97-vasos-de-carton-para-cafe\">Vasos<\/a> de Cart\u00f3n para caf\u00e9 Blanco<\/strong><\/h5>\n<p>[\/et_pb_text][\/et_pb_column][et_pb_column type=\u00bb1_3&#8243; _builder_version=\u00bb3.0.47&#8243; parallax=\u00bboff\u00bb parallax_method=\u00bbon\u00bb][et_pb_image src=\u00bbhttps:\/\/puntoqpack2.proyectos-lineagrafica.com\/blog\/wp-content\/uploads\/2019\/07\/packaging-para-cafe-3-_puntoqpack.jpg\u00bb align=\u00bbcenter\u00bb _builder_version=\u00bb3.16.1&#8243;][\/et_pb_image][et_pb_text _builder_version=\u00bb3.16.1&#8243;]<\/p>\n<h5 style=\"text-align: center;\"><a href=\"https:\/\/www.puntoqpack.com\/es\/97-vasos-de-carton-para-cafe\" target=\"_blank\" rel=\"noopener noreferrer\"><strong>Vaso de Cart\u00f3n Kraft para caf\u00e9<\/strong><\/a><\/h5>\n<p>[\/et_pb_text][\/et_pb_column][et_pb_column type=\u00bb1_3&#8243; _builder_version=\u00bb3.0.47&#8243; parallax=\u00bboff\u00bb parallax_method=\u00bbon\u00bb][et_pb_image src=\u00bbhttps:\/\/puntoqpack2.proyectos-lineagrafica.com\/blog\/wp-content\/uploads\/2019\/07\/packaging-para-cafe-4-_puntoqpack.jpg\u00bb align=\u00bbcenter\u00bb _builder_version=\u00bb3.16.1&#8243;][\/et_pb_image][et_pb_text _builder_version=\u00bb3.16.1&#8243;]<\/p>\n<h5 style=\"text-align: center;\"><a href=\"https:\/\/www.puntoqpack.com\/es\/97-vasos-de-carton-para-cafe\" target=\"_blank\" rel=\"noopener noreferrer\"><strong>Vaso de cart\u00f3n para caf\u00e9 doble capa liso kraft<\/strong><\/a><\/h5>\n<p>[\/et_pb_text][\/et_pb_column][\/et_pb_row][et_pb_row _builder_version=\u00bb3.0.48&#8243; background_size=\u00bbinitial\u00bb background_position=\u00bbtop_left\u00bb background_repeat=\u00bbrepeat\u00bb][et_pb_column type=\u00bb1_3&#8243; _builder_version=\u00bb3.0.47&#8243; parallax=\u00bboff\u00bb parallax_method=\u00bbon\u00bb][et_pb_image src=\u00bbhttps:\/\/puntoqpack2.proyectos-lineagrafica.com\/blog\/wp-content\/uploads\/2019\/07\/packaging-para-cafe-5-_puntoqpack.jpg\u00bb align=\u00bbcenter\u00bb _builder_version=\u00bb3.16.1&#8243;][\/et_pb_image][et_pb_text _builder_version=\u00bb3.16.1&#8243;]<\/p>\n<h5 style=\"text-align: center;\"><a href=\"https:\/\/www.puntoqpack.com\/es\/97-vasos-de-carton-para-cafe\" target=\"_blank\" rel=\"noopener noreferrer\"><strong>Vasos de cart\u00f3n ecol\u00f3gicos<\/strong><\/a><\/h5>\n<p>[\/et_pb_text][\/et_pb_column][et_pb_column type=\u00bb1_3&#8243; _builder_version=\u00bb3.0.47&#8243; parallax=\u00bboff\u00bb parallax_method=\u00bbon\u00bb][et_pb_image src=\u00bbhttps:\/\/puntoqpack2.proyectos-lineagrafica.com\/blog\/wp-content\/uploads\/2019\/07\/packaging-para-cafe-6_puntoqpack.jpg\u00bb align=\u00bbcenter\u00bb _builder_version=\u00bb3.16.1&#8243;][\/et_pb_image][et_pb_text _builder_version=\u00bb3.16.1&#8243;]<\/p>\n<h5 style=\"text-align: center;\"><a href=\"https:\/\/www.puntoqpack.com\/es\/97-vasos-de-carton-para-cafe\" target=\"_blank\" rel=\"noopener noreferrer\"><strong>Vaso de cart\u00f3n para caf\u00e9 negro ondulado<\/strong><\/a><\/h5>\n<p>[\/et_pb_text][\/et_pb_column][et_pb_column type=\u00bb1_3&#8243; _builder_version=\u00bb3.0.47&#8243; parallax=\u00bboff\u00bb parallax_method=\u00bbon\u00bb][et_pb_image src=\u00bbhttps:\/\/puntoqpack2.proyectos-lineagrafica.com\/blog\/wp-content\/uploads\/2019\/07\/packaging-para-cafe-7-_puntoqpack.jpg\u00bb align=\u00bbcenter\u00bb _builder_version=\u00bb3.16.1&#8243;][\/et_pb_image][et_pb_text _builder_version=\u00bb3.16.1&#8243;]<\/p>\n<h5 style=\"text-align: center;\"><a href=\"https:\/\/www.puntoqpack.com\/es\/97-vasos-de-carton-para-cafe\" target=\"_blank\" rel=\"noopener noreferrer\"><strong>Vasos de cart\u00f3n doble pared corrugado<\/strong><\/a><\/h5>\n<p>[\/et_pb_text][\/et_pb_column][\/et_pb_row][et_pb_row _builder_version=\u00bb3.0.48&#8243; background_size=\u00bbinitial\u00bb background_position=\u00bbtop_left\u00bb background_repeat=\u00bbrepeat\u00bb][et_pb_column type=\u00bb1_3&#8243; _builder_version=\u00bb3.0.47&#8243; parallax=\u00bboff\u00bb parallax_method=\u00bbon\u00bb][et_pb_image src=\u00bbhttps:\/\/puntoqpack2.proyectos-lineagrafica.com\/blog\/wp-content\/uploads\/2019\/07\/packaging-para-cafe-8-_puntoqpack.jpg\u00bb align=\u00bbcenter\u00bb _builder_version=\u00bb3.16.1&#8243;][\/et_pb_image][et_pb_text _builder_version=\u00bb3.16.1&#8243;]<\/p>\n<h5 style=\"text-align: center;\"><a href=\"https:\/\/www.puntoqpack.com\/es\/98-vasos-biodegradables-eco\" target=\"_blank\" rel=\"noopener noreferrer\"><strong>Vaso de Cart\u00f3n Blanco especial vending<\/strong><\/a><\/h5>\n<p>[\/et_pb_text][\/et_pb_column][et_pb_column type=\u00bb1_3&#8243; _builder_version=\u00bb3.0.47&#8243; parallax=\u00bboff\u00bb parallax_method=\u00bbon\u00bb][et_pb_image src=\u00bbhttps:\/\/puntoqpack2.proyectos-lineagrafica.com\/blog\/wp-content\/uploads\/2019\/07\/packaging-para-cafe-9-_puntoqpack.jpg\u00bb align=\u00bbcenter\u00bb _builder_version=\u00bb3.16.1&#8243;][\/et_pb_image][et_pb_text _builder_version=\u00bb3.16.1&#8243;]<\/p>\n<h5 style=\"text-align: center;\"><a href=\"https:\/\/www.puntoqpack.com\/es\/98-vasos-biodegradables-eco\" target=\"_blank\" rel=\"noopener noreferrer\"><strong>Vasos de cart\u00f3n para cafe Vending<\/strong><\/a><\/h5>\n<p>[\/et_pb_text][\/et_pb_column][et_pb_column type=\u00bb1_3&#8243; _builder_version=\u00bb3.0.47&#8243; parallax=\u00bboff\u00bb parallax_method=\u00bbon\u00bb][et_pb_image src=\u00bbhttps:\/\/puntoqpack2.proyectos-lineagrafica.com\/blog\/wp-content\/uploads\/2019\/07\/packaging-para-cafe-10-_puntoqpack.jpg\u00bb align=\u00bbcenter\u00bb _builder_version=\u00bb3.16.1&#8243;][\/et_pb_image][et_pb_text _builder_version=\u00bb3.16.1&#8243;]<\/p>\n<h5 style=\"text-align: center;\"><a href=\"https:\/\/www.puntoqpack.com\/es\/98-vasos-biodegradables-eco\" target=\"_blank\" rel=\"noopener noreferrer\"><strong>Vasos de Cart\u00f3n dise\u00f1o Vintage<\/strong><\/a><\/h5>\n<p>[\/et_pb_text][\/et_pb_column][\/et_pb_row][et_pb_row _builder_version=\u00bb3.0.48&#8243; background_size=\u00bbinitial\u00bb background_position=\u00bbtop_left\u00bb background_repeat=\u00bbrepeat\u00bb][et_pb_column type=\u00bb1_3&#8243; _builder_version=\u00bb3.0.47&#8243; parallax=\u00bboff\u00bb parallax_method=\u00bbon\u00bb][et_pb_image src=\u00bbhttps:\/\/puntoqpack2.proyectos-lineagrafica.com\/blog\/wp-content\/uploads\/2019\/07\/packaging-para-cafe-11-_puntoqpack.jpg\u00bb align=\u00bbcenter\u00bb _builder_version=\u00bb3.16.1&#8243;][\/et_pb_image][et_pb_text _builder_version=\u00bb3.16.1&#8243;]<\/p>\n<h5 style=\"text-align: center;\"><a href=\"https:\/\/www.puntoqpack.com\/es\/98-vasos-biodegradables-eco\" target=\"_blank\" rel=\"noopener noreferrer\"><strong>Vaso caf\u00e9 para llevar dise\u00f1o Coffee Time<\/strong><\/a><\/h5>\n<p>[\/et_pb_text][\/et_pb_column][et_pb_column type=\u00bb1_3&#8243; _builder_version=\u00bb3.0.47&#8243; parallax=\u00bboff\u00bb parallax_method=\u00bbon\u00bb][et_pb_image src=\u00bbhttps:\/\/puntoqpack2.proyectos-lineagrafica.com\/blog\/wp-content\/uploads\/2019\/07\/packaging-para-cafe-12-_puntoqpack.jpg\u00bb align=\u00bbcenter\u00bb _builder_version=\u00bb3.16.1&#8243;][\/et_pb_image][et_pb_text _builder_version=\u00bb3.16.1&#8243;]<\/p>\n<h5 style=\"text-align: center;\"><a href=\"https:\/\/www.puntoqpack.com\/es\/98-vasos-biodegradables-eco\" target=\"_blank\" rel=\"noopener noreferrer\"><strong>Vasos de cart\u00f3n personalizados blancos<\/strong><\/a><\/h5>\n<p>[\/et_pb_text][\/et_pb_column][et_pb_column type=\u00bb1_3&#8243; _builder_version=\u00bb3.0.47&#8243; parallax=\u00bboff\u00bb parallax_method=\u00bbon\u00bb][et_pb_image src=\u00bbhttps:\/\/puntoqpack2.proyectos-lineagrafica.com\/blog\/wp-content\/uploads\/2019\/07\/packaging-para-cafe-13-_puntoqpack.jpg\u00bb align=\u00bbcenter\u00bb _builder_version=\u00bb3.16.1&#8243;][\/et_pb_image][et_pb_text _builder_version=\u00bb3.16.1&#8243;]<\/p>\n<h5 style=\"text-align: center;\"><a href=\"https:\/\/www.puntoqpack.com\/es\/98-vasos-biodegradables-eco\" target=\"_blank\" rel=\"noopener noreferrer\"><strong>Vasos de cart\u00f3n personalizados negro<\/strong><\/a><\/h5>\n<p>[\/et_pb_text][\/et_pb_column][\/et_pb_row][et_pb_row _builder_version=\u00bb3.0.48&#8243; background_size=\u00bbinitial\u00bb background_position=\u00bbtop_left\u00bb background_repeat=\u00bbrepeat\u00bb][et_pb_column type=\u00bb1_3&#8243; _builder_version=\u00bb3.0.47&#8243; parallax=\u00bboff\u00bb parallax_method=\u00bbon\u00bb][et_pb_image src=\u00bbhttps:\/\/puntoqpack2.proyectos-lineagrafica.com\/blog\/wp-content\/uploads\/2019\/07\/packaging-para-cafe-14-_puntoqpack.jpg\u00bb align=\u00bbcenter\u00bb _builder_version=\u00bb3.16.1&#8243;][\/et_pb_image][et_pb_text _builder_version=\u00bb3.16.1&#8243;]<\/p>\n<h5 style=\"text-align: center;\"><a href=\"https:\/\/www.puntoqpack.com\/es\/98-vasos-biodegradables-eco\" target=\"_blank\" rel=\"noopener noreferrer\"><strong>Vaso ECO compostable de fibra<\/strong><\/a><\/h5>\n<p>[\/et_pb_text][\/et_pb_column][et_pb_column type=\u00bb1_3&#8243; _builder_version=\u00bb3.0.47&#8243; parallax=\u00bboff\u00bb parallax_method=\u00bbon\u00bb][et_pb_image src=\u00bbhttps:\/\/puntoqpack2.proyectos-lineagrafica.com\/blog\/wp-content\/uploads\/2019\/07\/packaging-para-cafe-15-_puntoqpack.jpg\u00bb align=\u00bbcenter\u00bb _builder_version=\u00bb3.16.1&#8243;][\/et_pb_image][et_pb_text _builder_version=\u00bb3.16.1&#8243;]<\/p>\n<h5 style=\"text-align: center;\"><a href=\"https:\/\/www.puntoqpack.com\/es\/98-vasos-biodegradables-eco\" target=\"_blank\" rel=\"noopener noreferrer\"><strong>Vasos desechables caf\u00e9 de fibra<\/strong><\/a><\/h5>\n<p>[\/et_pb_text][\/et_pb_column][et_pb_column type=\u00bb1_3&#8243; _builder_version=\u00bb3.0.47&#8243; parallax=\u00bboff\u00bb parallax_method=\u00bbon\u00bb][et_pb_image src=\u00bbhttps:\/\/puntoqpack2.proyectos-lineagrafica.com\/blog\/wp-content\/uploads\/2019\/07\/packaging-para-cafe-16-_puntoqpack.jpg\u00bb align=\u00bbcenter\u00bb _builder_version=\u00bb3.16.1&#8243;][\/et_pb_image][et_pb_text _builder_version=\u00bb3.16.1&#8243;]<\/p>\n<h5 style=\"text-align: center;\"><a href=\"https:\/\/www.puntoqpack.com\/es\/98-vasos-biodegradables-eco\" target=\"_blank\" rel=\"noopener noreferrer\"><strong>Vaso Termico Foam<\/strong><\/a><\/h5>\n<p>[\/et_pb_text][\/et_pb_column][\/et_pb_row][et_pb_row _builder_version=\u00bb3.0.48&#8243; background_size=\u00bbinitial\u00bb background_position=\u00bbtop_left\u00bb background_repeat=\u00bbrepeat\u00bb][et_pb_column type=\u00bb4_4&#8243; _builder_version=\u00bb3.0.47&#8243; parallax=\u00bboff\u00bb parallax_method=\u00bbon\u00bb][et_pb_text _builder_version=\u00bb3.16.1&#8243; text_font_size=\u00bb15px\u00bb text_orientation=\u00bbjustified\u00bb]<strong>Vasos ecol\u00f3gicos<\/strong>, <strong>vasos de pl\u00e1stico<\/strong>, <strong>vasos de cart\u00f3n<\/strong>, diferentes materiales de \u00f3ptima calidad para satisfacer todas las necesidades, <strong>vasos personalizalos<\/strong> con tu logotipo, con lo cual te promocionar\u00e1n tus propios clientes. \u00a1Pero ojo! que no solo son los <strong>vasos<\/strong>, hay montones de complementos para hacernoslo todo mucho m\u00e1s f\u00e1cil. Los complementos para los <strong>vasos<\/strong> como <strong>cucharillas<\/strong>, <strong>tapa c\u00fapula<\/strong>, <strong>tapa travel<\/strong>, <strong>tapa pl\u00e1stico<\/strong>, <strong>funda cart\u00f3n<\/strong>, <strong>portavasos<\/strong>, <strong>agitadores <\/strong>complementan el pack de take away y las lecheras son unos contenedores superchulos para llevar en cantidad.<br \/>\n[\/et_pb_text][et_pb_image src=\u00bbhttps:\/\/puntoqpack2.proyectos-lineagrafica.com\/blog\/wp-content\/uploads\/2019\/07\/packaging-para-cafe-17-_puntoqpack.jpg\u00bb align=\u00bbcenter\u00bb _builder_version=\u00bb3.16.1&#8243;][\/et_pb_image][et_pb_text _builder_version=\u00bb3.16.1&#8243; text_font_size=\u00bb15px\u00bb text_orientation=\u00bbjustified\u00bb]Cambia la forma de tomar caf\u00e9 y gana terreno el<strong> take away<\/strong>, un <strong>vaso de cart\u00f3n con tapa<\/strong> es ya tendencia y se multiplica entre jovenes , estudiantes y trabajadores. Mochas, lattes, macchiatos, descafeinados, con leche, s\u00f3lo\u2026 hasta el chocolate con churros se lo llevan puesto. Pero atenci\u00f3n: antes de ponerte manos a la obra hay que saber que el caf\u00e9 negro ahora se pide espresso , el cortadito es macchiato y la l\u00e1grima, latte . Todos vienen en versi\u00f3n <strong>take-away<\/strong>, igual que otros \u201cgourmet\u201d como el mocha (leche, chocolate, espresso y crema). \u00a1As\u00ed que a que esperas para integrar el <strong>caf\u00e9 para llevar<\/strong> en tu negocio y hacer tu pedido de packaging personalizado!<br \/>\n[\/et_pb_text][\/et_pb_column][\/et_pb_row][et_pb_row _builder_version=\u00bb3.0.48&#8243; background_size=\u00bbinitial\u00bb background_position=\u00bbtop_left\u00bb background_repeat=\u00bbrepeat\u00bb][et_pb_column type=\u00bb4_4&#8243; _builder_version=\u00bb3.0.47&#8243; parallax=\u00bboff\u00bb parallax_method=\u00bbon\u00bb][et_pb_divider _builder_version=\u00bb3.16.1&#8243;][\/et_pb_divider][et_pb_image src=\u00bbhttps:\/\/puntoqpack2.proyectos-lineagrafica.com\/blog\/wp-content\/uploads\/2019\/07\/packaging-para-cafe-18-_puntoqpack.jpg\u00bb align=\u00bbcenter\u00bb _builder_version=\u00bb3.16.1&#8243;][\/et_pb_image][\/et_pb_column][\/et_pb_row][\/et_pb_section]<\/p>\n","protected":false},"excerpt":{"rendered":"<p>El packaging para vaso de caf\u00e9 est\u00e1 cada vez m\u00e1s extendida en Espa\u00f1a, el caf\u00e9 \u00abtake away\u00bb le llaman, es decir para llevar y para tomar por el camino.<\/p>\n","protected":false},"author":4,"featured_media":2892,"comment_status":"closed","ping_status":"closed","sticky":false,"template":"","format":"standard","meta":{"iawp_total_views":5,"footnotes":""},"categories":[126],"tags":[],"class_list":["post-2223","post","type-post","status-publish","format-standard","has-post-thumbnail","hentry","category-packaging"],"yoast_head":"<!-- This site is optimized with the Yoast SEO plugin v26.6 - https:\/\/yoast.com\/wordpress\/plugins\/seo\/ -->\n<title>Packaging para caf\u00e9: del vaso a la calle - BlogQPack<\/title>\n<meta name=\"robots\" content=\"index, follow, max-snippet:-1, max-image-preview:large, max-video-preview:-1\" \/>\n<link rel=\"canonical\" href=\"https:\/\/www.puntoqpack.com\/blog\/es\/packaging-para-cafe-del-vaso-a-la-calle\/\" \/>\n<meta property=\"og:locale\" content=\"es_ES\" \/>\n<meta property=\"og:type\" content=\"article\" \/>\n<meta property=\"og:title\" content=\"Packaging para caf\u00e9: del vaso a la calle - BlogQPack\" \/>\n<meta property=\"og:description\" content=\"El packaging para vaso de caf\u00e9 est\u00e1 cada vez m\u00e1s extendida en Espa\u00f1a, el caf\u00e9 &quot;take away&quot; le llaman, es decir para llevar y para tomar por el camino.\" \/>\n<meta property=\"og:url\" content=\"https:\/\/www.puntoqpack.com\/blog\/es\/packaging-para-cafe-del-vaso-a-la-calle\/\" \/>\n<meta property=\"og:site_name\" content=\"BlogQPack\" \/>\n<meta property=\"article:publisher\" content=\"https:\/\/www.facebook.com\/puntoqpack\" \/>\n<meta property=\"article:published_time\" content=\"2021-10-02T10:20:52+00:00\" \/>\n<meta property=\"article:modified_time\" content=\"2025-09-12T09:17:48+00:00\" \/>\n<meta property=\"og:image\" content=\"https:\/\/www.puntoqpack.com\/blog\/wp-content\/uploads\/2019\/07\/packaging-para-cafe-19-_puntoqpack.jpg\" \/>\n\t<meta property=\"og:image:width\" content=\"861\" \/>\n\t<meta property=\"og:image:height\" content=\"342\" \/>\n\t<meta property=\"og:image:type\" content=\"image\/jpeg\" \/>\n<meta name=\"author\" content=\"adminBQP\" \/>\n<meta name=\"twitter:card\" content=\"summary_large_image\" \/>\n<meta name=\"twitter:label1\" content=\"Escrito por\" \/>\n\t<meta name=\"twitter:data1\" content=\"adminBQP\" \/>\n\t<meta name=\"twitter:label2\" content=\"Tiempo de lectura\" \/>\n\t<meta name=\"twitter:data2\" content=\"9 minutos\" \/>\n<script type=\"application\/ld+json\" class=\"yoast-schema-graph\">{\"@context\":\"https:\/\/schema.org\",\"@graph\":[{\"@type\":\"Article\",\"@id\":\"https:\/\/www.puntoqpack.com\/blog\/es\/packaging-para-cafe-del-vaso-a-la-calle\/#article\",\"isPartOf\":{\"@id\":\"https:\/\/www.puntoqpack.com\/blog\/es\/packaging-para-cafe-del-vaso-a-la-calle\/\"},\"author\":{\"name\":\"adminBQP\",\"@id\":\"https:\/\/www.puntoqpack.com\/blog\/#\/schema\/person\/28856d02e850632eafe8646d6d22dc09\"},\"headline\":\"Packaging para caf\u00e9: del vaso a la calle\",\"datePublished\":\"2021-10-02T10:20:52+00:00\",\"dateModified\":\"2025-09-12T09:17:48+00:00\",\"mainEntityOfPage\":{\"@id\":\"https:\/\/www.puntoqpack.com\/blog\/es\/packaging-para-cafe-del-vaso-a-la-calle\/\"},\"wordCount\":1820,\"publisher\":{\"@id\":\"https:\/\/www.puntoqpack.com\/blog\/#organization\"},\"image\":{\"@id\":\"https:\/\/www.puntoqpack.com\/blog\/es\/packaging-para-cafe-del-vaso-a-la-calle\/#primaryimage\"},\"thumbnailUrl\":\"https:\/\/www.puntoqpack.com\/blog\/wp-content\/uploads\/2019\/07\/packaging-para-cafe-19-_puntoqpack.jpg\",\"articleSection\":[\"Packaging\"],\"inLanguage\":\"es\"},{\"@type\":\"WebPage\",\"@id\":\"https:\/\/www.puntoqpack.com\/blog\/es\/packaging-para-cafe-del-vaso-a-la-calle\/\",\"url\":\"https:\/\/www.puntoqpack.com\/blog\/es\/packaging-para-cafe-del-vaso-a-la-calle\/\",\"name\":\"Packaging para caf\u00e9: del vaso a la calle - BlogQPack\",\"isPartOf\":{\"@id\":\"https:\/\/www.puntoqpack.com\/blog\/#website\"},\"primaryImageOfPage\":{\"@id\":\"https:\/\/www.puntoqpack.com\/blog\/es\/packaging-para-cafe-del-vaso-a-la-calle\/#primaryimage\"},\"image\":{\"@id\":\"https:\/\/www.puntoqpack.com\/blog\/es\/packaging-para-cafe-del-vaso-a-la-calle\/#primaryimage\"},\"thumbnailUrl\":\"https:\/\/www.puntoqpack.com\/blog\/wp-content\/uploads\/2019\/07\/packaging-para-cafe-19-_puntoqpack.jpg\",\"datePublished\":\"2021-10-02T10:20:52+00:00\",\"dateModified\":\"2025-09-12T09:17:48+00:00\",\"breadcrumb\":{\"@id\":\"https:\/\/www.puntoqpack.com\/blog\/es\/packaging-para-cafe-del-vaso-a-la-calle\/#breadcrumb\"},\"inLanguage\":\"es\",\"potentialAction\":[{\"@type\":\"ReadAction\",\"target\":[\"https:\/\/www.puntoqpack.com\/blog\/es\/packaging-para-cafe-del-vaso-a-la-calle\/\"]}]},{\"@type\":\"ImageObject\",\"inLanguage\":\"es\",\"@id\":\"https:\/\/www.puntoqpack.com\/blog\/es\/packaging-para-cafe-del-vaso-a-la-calle\/#primaryimage\",\"url\":\"https:\/\/www.puntoqpack.com\/blog\/wp-content\/uploads\/2019\/07\/packaging-para-cafe-19-_puntoqpack.jpg\",\"contentUrl\":\"https:\/\/www.puntoqpack.com\/blog\/wp-content\/uploads\/2019\/07\/packaging-para-cafe-19-_puntoqpack.jpg\",\"width\":861,\"height\":342},{\"@type\":\"BreadcrumbList\",\"@id\":\"https:\/\/www.puntoqpack.com\/blog\/es\/packaging-para-cafe-del-vaso-a-la-calle\/#breadcrumb\",\"itemListElement\":[{\"@type\":\"ListItem\",\"position\":1,\"name\":\"Portada\",\"item\":\"https:\/\/www.puntoqpack.com\/blog\/\"},{\"@type\":\"ListItem\",\"position\":2,\"name\":\"Packaging para caf\u00e9: del vaso a la calle\"}]},{\"@type\":\"WebSite\",\"@id\":\"https:\/\/www.puntoqpack.com\/blog\/#website\",\"url\":\"https:\/\/www.puntoqpack.com\/blog\/\",\"name\":\"BlogQPack\",\"description\":\"El blog de packaging gastron\u00f3mico de PuntoQpack\",\"publisher\":{\"@id\":\"https:\/\/www.puntoqpack.com\/blog\/#organization\"},\"potentialAction\":[{\"@type\":\"SearchAction\",\"target\":{\"@type\":\"EntryPoint\",\"urlTemplate\":\"https:\/\/www.puntoqpack.com\/blog\/?s={search_term_string}\"},\"query-input\":{\"@type\":\"PropertyValueSpecification\",\"valueRequired\":true,\"valueName\":\"search_term_string\"}}],\"inLanguage\":\"es\"},{\"@type\":\"Organization\",\"@id\":\"https:\/\/www.puntoqpack.com\/blog\/#organization\",\"name\":\"BlogQPack\",\"url\":\"https:\/\/www.puntoqpack.com\/blog\/\",\"logo\":{\"@type\":\"ImageObject\",\"inLanguage\":\"es\",\"@id\":\"https:\/\/www.puntoqpack.com\/blog\/#\/schema\/logo\/image\/\",\"url\":\"https:\/\/www.puntoqpack.com\/blog\/wp-content\/uploads\/2025\/07\/q-linkedin.jpg\",\"contentUrl\":\"https:\/\/www.puntoqpack.com\/blog\/wp-content\/uploads\/2025\/07\/q-linkedin.jpg\",\"width\":1080,\"height\":1080,\"caption\":\"BlogQPack\"},\"image\":{\"@id\":\"https:\/\/www.puntoqpack.com\/blog\/#\/schema\/logo\/image\/\"},\"sameAs\":[\"https:\/\/www.facebook.com\/puntoqpack\",\"https:\/\/www.instagram.com\/puntoqpack\/\"]},{\"@type\":\"Person\",\"@id\":\"https:\/\/www.puntoqpack.com\/blog\/#\/schema\/person\/28856d02e850632eafe8646d6d22dc09\",\"name\":\"adminBQP\",\"image\":{\"@type\":\"ImageObject\",\"inLanguage\":\"es\",\"@id\":\"https:\/\/www.puntoqpack.com\/blog\/#\/schema\/person\/image\/\",\"url\":\"https:\/\/secure.gravatar.com\/avatar\/1db9b4a149a3410a35201fd631cb338580db4a4828b82c5e8baa50c2a9765094?s=96&d=mm&r=g\",\"contentUrl\":\"https:\/\/secure.gravatar.com\/avatar\/1db9b4a149a3410a35201fd631cb338580db4a4828b82c5e8baa50c2a9765094?s=96&d=mm&r=g\",\"caption\":\"adminBQP\"},\"url\":\"https:\/\/www.puntoqpack.com\/blog\/es\/author\/aconesag\/\"}]}<\/script>\n<!-- \/ Yoast SEO plugin. -->","yoast_head_json":{"title":"Packaging para caf\u00e9: del vaso a la calle - BlogQPack","robots":{"index":"index","follow":"follow","max-snippet":"max-snippet:-1","max-image-preview":"max-image-preview:large","max-video-preview":"max-video-preview:-1"},"canonical":"https:\/\/www.puntoqpack.com\/blog\/es\/packaging-para-cafe-del-vaso-a-la-calle\/","og_locale":"es_ES","og_type":"article","og_title":"Packaging para caf\u00e9: del vaso a la calle - BlogQPack","og_description":"El packaging para vaso de caf\u00e9 est\u00e1 cada vez m\u00e1s extendida en Espa\u00f1a, el caf\u00e9 \"take away\" le llaman, es decir para llevar y para tomar por el camino.","og_url":"https:\/\/www.puntoqpack.com\/blog\/es\/packaging-para-cafe-del-vaso-a-la-calle\/","og_site_name":"BlogQPack","article_publisher":"https:\/\/www.facebook.com\/puntoqpack","article_published_time":"2021-10-02T10:20:52+00:00","article_modified_time":"2025-09-12T09:17:48+00:00","og_image":[{"width":861,"height":342,"url":"https:\/\/www.puntoqpack.com\/blog\/wp-content\/uploads\/2019\/07\/packaging-para-cafe-19-_puntoqpack.jpg","type":"image\/jpeg"}],"author":"adminBQP","twitter_card":"summary_large_image","twitter_misc":{"Escrito por":"adminBQP","Tiempo de lectura":"9 minutos"},"schema":{"@context":"https:\/\/schema.org","@graph":[{"@type":"Article","@id":"https:\/\/www.puntoqpack.com\/blog\/es\/packaging-para-cafe-del-vaso-a-la-calle\/#article","isPartOf":{"@id":"https:\/\/www.puntoqpack.com\/blog\/es\/packaging-para-cafe-del-vaso-a-la-calle\/"},"author":{"name":"adminBQP","@id":"https:\/\/www.puntoqpack.com\/blog\/#\/schema\/person\/28856d02e850632eafe8646d6d22dc09"},"headline":"Packaging para caf\u00e9: del vaso a la calle","datePublished":"2021-10-02T10:20:52+00:00","dateModified":"2025-09-12T09:17:48+00:00","mainEntityOfPage":{"@id":"https:\/\/www.puntoqpack.com\/blog\/es\/packaging-para-cafe-del-vaso-a-la-calle\/"},"wordCount":1820,"publisher":{"@id":"https:\/\/www.puntoqpack.com\/blog\/#organization"},"image":{"@id":"https:\/\/www.puntoqpack.com\/blog\/es\/packaging-para-cafe-del-vaso-a-la-calle\/#primaryimage"},"thumbnailUrl":"https:\/\/www.puntoqpack.com\/blog\/wp-content\/uploads\/2019\/07\/packaging-para-cafe-19-_puntoqpack.jpg","articleSection":["Packaging"],"inLanguage":"es"},{"@type":"WebPage","@id":"https:\/\/www.puntoqpack.com\/blog\/es\/packaging-para-cafe-del-vaso-a-la-calle\/","url":"https:\/\/www.puntoqpack.com\/blog\/es\/packaging-para-cafe-del-vaso-a-la-calle\/","name":"Packaging para caf\u00e9: del vaso a la calle - BlogQPack","isPartOf":{"@id":"https:\/\/www.puntoqpack.com\/blog\/#website"},"primaryImageOfPage":{"@id":"https:\/\/www.puntoqpack.com\/blog\/es\/packaging-para-cafe-del-vaso-a-la-calle\/#primaryimage"},"image":{"@id":"https:\/\/www.puntoqpack.com\/blog\/es\/packaging-para-cafe-del-vaso-a-la-calle\/#primaryimage"},"thumbnailUrl":"https:\/\/www.puntoqpack.com\/blog\/wp-content\/uploads\/2019\/07\/packaging-para-cafe-19-_puntoqpack.jpg","datePublished":"2021-10-02T10:20:52+00:00","dateModified":"2025-09-12T09:17:48+00:00","breadcrumb":{"@id":"https:\/\/www.puntoqpack.com\/blog\/es\/packaging-para-cafe-del-vaso-a-la-calle\/#breadcrumb"},"inLanguage":"es","potentialAction":[{"@type":"ReadAction","target":["https:\/\/www.puntoqpack.com\/blog\/es\/packaging-para-cafe-del-vaso-a-la-calle\/"]}]},{"@type":"ImageObject","inLanguage":"es","@id":"https:\/\/www.puntoqpack.com\/blog\/es\/packaging-para-cafe-del-vaso-a-la-calle\/#primaryimage","url":"https:\/\/www.puntoqpack.com\/blog\/wp-content\/uploads\/2019\/07\/packaging-para-cafe-19-_puntoqpack.jpg","contentUrl":"https:\/\/www.puntoqpack.com\/blog\/wp-content\/uploads\/2019\/07\/packaging-para-cafe-19-_puntoqpack.jpg","width":861,"height":342},{"@type":"BreadcrumbList","@id":"https:\/\/www.puntoqpack.com\/blog\/es\/packaging-para-cafe-del-vaso-a-la-calle\/#breadcrumb","itemListElement":[{"@type":"ListItem","position":1,"name":"Portada","item":"https:\/\/www.puntoqpack.com\/blog\/"},{"@type":"ListItem","position":2,"name":"Packaging para caf\u00e9: del vaso a la calle"}]},{"@type":"WebSite","@id":"https:\/\/www.puntoqpack.com\/blog\/#website","url":"https:\/\/www.puntoqpack.com\/blog\/","name":"BlogQPack","description":"El blog de packaging gastron\u00f3mico de PuntoQpack","publisher":{"@id":"https:\/\/www.puntoqpack.com\/blog\/#organization"},"potentialAction":[{"@type":"SearchAction","target":{"@type":"EntryPoint","urlTemplate":"https:\/\/www.puntoqpack.com\/blog\/?s={search_term_string}"},"query-input":{"@type":"PropertyValueSpecification","valueRequired":true,"valueName":"search_term_string"}}],"inLanguage":"es"},{"@type":"Organization","@id":"https:\/\/www.puntoqpack.com\/blog\/#organization","name":"BlogQPack","url":"https:\/\/www.puntoqpack.com\/blog\/","logo":{"@type":"ImageObject","inLanguage":"es","@id":"https:\/\/www.puntoqpack.com\/blog\/#\/schema\/logo\/image\/","url":"https:\/\/www.puntoqpack.com\/blog\/wp-content\/uploads\/2025\/07\/q-linkedin.jpg","contentUrl":"https:\/\/www.puntoqpack.com\/blog\/wp-content\/uploads\/2025\/07\/q-linkedin.jpg","width":1080,"height":1080,"caption":"BlogQPack"},"image":{"@id":"https:\/\/www.puntoqpack.com\/blog\/#\/schema\/logo\/image\/"},"sameAs":["https:\/\/www.facebook.com\/puntoqpack","https:\/\/www.instagram.com\/puntoqpack\/"]},{"@type":"Person","@id":"https:\/\/www.puntoqpack.com\/blog\/#\/schema\/person\/28856d02e850632eafe8646d6d22dc09","name":"adminBQP","image":{"@type":"ImageObject","inLanguage":"es","@id":"https:\/\/www.puntoqpack.com\/blog\/#\/schema\/person\/image\/","url":"https:\/\/secure.gravatar.com\/avatar\/1db9b4a149a3410a35201fd631cb338580db4a4828b82c5e8baa50c2a9765094?s=96&d=mm&r=g","contentUrl":"https:\/\/secure.gravatar.com\/avatar\/1db9b4a149a3410a35201fd631cb338580db4a4828b82c5e8baa50c2a9765094?s=96&d=mm&r=g","caption":"adminBQP"},"url":"https:\/\/www.puntoqpack.com\/blog\/es\/author\/aconesag\/"}]}},"_links":{"self":[{"href":"https:\/\/www.puntoqpack.com\/blog\/es\/wp-json\/wp\/v2\/posts\/2223","targetHints":{"allow":["GET"]}}],"collection":[{"href":"https:\/\/www.puntoqpack.com\/blog\/es\/wp-json\/wp\/v2\/posts"}],"about":[{"href":"https:\/\/www.puntoqpack.com\/blog\/es\/wp-json\/wp\/v2\/types\/post"}],"author":[{"embeddable":true,"href":"https:\/\/www.puntoqpack.com\/blog\/es\/wp-json\/wp\/v2\/users\/4"}],"replies":[{"embeddable":true,"href":"https:\/\/www.puntoqpack.com\/blog\/es\/wp-json\/wp\/v2\/comments?post=2223"}],"version-history":[{"count":10,"href":"https:\/\/www.puntoqpack.com\/blog\/es\/wp-json\/wp\/v2\/posts\/2223\/revisions"}],"predecessor-version":[{"id":5436,"href":"https:\/\/www.puntoqpack.com\/blog\/es\/wp-json\/wp\/v2\/posts\/2223\/revisions\/5436"}],"wp:featuredmedia":[{"embeddable":true,"href":"https:\/\/www.puntoqpack.com\/blog\/es\/wp-json\/wp\/v2\/media\/2892"}],"wp:attachment":[{"href":"https:\/\/www.puntoqpack.com\/blog\/es\/wp-json\/wp\/v2\/media?parent=2223"}],"wp:term":[{"taxonomy":"category","embeddable":true,"href":"https:\/\/www.puntoqpack.com\/blog\/es\/wp-json\/wp\/v2\/categories?post=2223"},{"taxonomy":"post_tag","embeddable":true,"href":"https:\/\/www.puntoqpack.com\/blog\/es\/wp-json\/wp\/v2\/tags?post=2223"}],"curies":[{"name":"wp","href":"https:\/\/api.w.org\/{rel}","templated":true}]}}