{"id":2051,"date":"2019-06-12T08:53:27","date_gmt":"2019-06-12T08:53:27","guid":{"rendered":"https:\/\/puntoqpack2.proyectos-lineagrafica.com\/blog\/?p=2051"},"modified":"2025-09-11T12:13:26","modified_gmt":"2025-09-11T10:13:26","slug":"un-viaje-por-el-packaging-gastronomico","status":"publish","type":"post","link":"https:\/\/www.puntoqpack.com\/blog\/es\/un-viaje-por-el-packaging-gastronomico\/","title":{"rendered":"Un viaje por el packaging gastron\u00f3mico"},"content":{"rendered":"<p>[et_pb_section fb_built=\u00bb1&#8243; _builder_version=\u00bb3.0.47&#8243;][et_pb_row _builder_version=\u00bb3.0.48&#8243; background_size=\u00bbinitial\u00bb background_position=\u00bbtop_left\u00bb background_repeat=\u00bbrepeat\u00bb][et_pb_column type=\u00bb4_4&#8243; _builder_version=\u00bb3.0.47&#8243; parallax=\u00bboff\u00bb parallax_method=\u00bbon\u00bb][et_pb_text _builder_version=\u00bb3.16.1&#8243;]<\/p>\n<h3><span style=\"color: #6fc72a;\"><strong>Un viaje por el packaging gastron\u00f3mico<\/strong><\/span><\/h3>\n<p>[\/et_pb_text][et_pb_text _builder_version=\u00bb3.16.1&#8243; text_font_size=\u00bb15px\u00bb text_orientation=\u00bbjustified\u00bb]Si posamos la mirada unos a\u00f1os atr\u00e1s en el tiempo, nos daremos cuenta de c\u00f3mo el <strong>packaging<\/strong> usado en el sector de la alimentaci\u00f3n ha evolucionado a lo largo de los a\u00f1os, tomando gran relevancia y cubriendo las necesidades del mundo de la hosteler\u00eda y alimentaci\u00f3n. El dise\u00f1o y creatividad son m\u00e1s innovadores, ya que el consumidor es cada vez m\u00e1s exigente y exige un <strong>packaging<\/strong> a la altura de sus necesidades. Existe ya una tendencia basada en la personalizaci\u00f3n de los envases, usando \u00e9stos no s\u00f3lo como medio de transporte, sino como marketing para el negocio, que ayuda a acercarse al p\u00fabico objetivo.<br \/>\n[\/et_pb_text][et_pb_image src=\u00bbhttps:\/\/puntoqpack2.proyectos-lineagrafica.com\/blog\/wp-content\/uploads\/2019\/06\/packaging-gastronomico1_puntoqpack.jpg\u00bb align=\u00bbcenter\u00bb _builder_version=\u00bb3.16.1&#8243;][\/et_pb_image][et_pb_text _builder_version=\u00bb3.16.1&#8243; text_font_size=\u00bb15px\u00bb text_orientation=\u00bbjustified\u00bb]<\/p>\n<p>Los comerciantes apuestan por una decoraci\u00f3n a la altura de las expectativas y es una estrategia de \u00e9xito asegurado. Por otro lado, el aumento de la popularidad de productos alimentarios <strong>take away<\/strong> nos obliga a contemplar un tipo de <strong>packaging<\/strong> m\u00e1s completo y funcional que, por ejemplo, incluya cubiertos, servilletas, vasos con tapa\u2026<\/p>\n<blockquote>\n<p><em>El <strong>packaging<\/strong> artesanal cobra protagonismo, volviendo a ser rey indiscutible en ventas. Atrae a los consumidores, son <strong>envases<\/strong> que transmiten, que proviene de una producci\u00f3n local y elaborada artesanalmente. Refuerza la idea que se trata de un producto de gran calidad y cuidado.<\/em><\/p>\n<\/blockquote>\n<p>Lo que est\u00e1 claro es que en un entorno tan competitivo como lo es el mundo de la hosteler\u00eda, resulta fundamental posicionarse con un <strong>envase<\/strong> que, ya sea por su dise\u00f1o o funcionalidad o personalidad, cuente con la capacidad de diferenciarse de la competencia. Los <strong>envases alimentarios<\/strong> deben adaptarse a las nuevas formas de vida y, por ello, tambi\u00e9n se est\u00e1 potenciando <strong>envases ecol\u00f3gicos<\/strong>, con referencias <strong>biodegradable<\/strong>s y respetuosas con el medio ambiente, al tiempo que trasladan sensaciones visualmente placenteras.<\/p>\n<p>Y es lo que decimos en <a href=\"https:\/\/www.puntoqpack.com\/es\/\" target=\"_blank\" rel=\"noopener\">PuntoQpack<\/a>, el envase adquiere cada vez mayor importancia.<\/p>\n<p>[\/et_pb_text][\/et_pb_column][\/et_pb_row][et_pb_row _builder_version=\u00bb3.0.48&#8243; background_size=\u00bbinitial\u00bb background_position=\u00bbtop_left\u00bb background_repeat=\u00bbrepeat\u00bb][et_pb_column type=\u00bb4_4&#8243; _builder_version=\u00bb3.0.47&#8243; parallax=\u00bboff\u00bb parallax_method=\u00bbon\u00bb][et_pb_text _builder_version=\u00bb3.16.1&#8243;]<\/p>\n<h3><span style=\"color: #6fc72a;\"><strong>\u00bfQu\u00e9 hay de nuevo en PuntoQpack?<\/strong><\/span><\/h3>\n<div id=\"s3gt_translate_tooltip_mini\" class=\"s3gt_translate_tooltip_mini_box\" style=\"background: initial !important; border: initial !important; border-radius: initial !important; border-spacing: initial !important; border-collapse: initial !important; direction: ltr !important; flex-direction: initial !important; font-weight: initial !important; height: initial !important; letter-spacing: initial !important; min-width: initial !important; max-width: initial !important; min-height: initial !important; max-height: initial !important; margin: auto !important; outline: initial !important; padding: initial !important; position: absolute; table-layout: initial !important; text-align: initial !important; text-shadow: initial !important; width: initial !important; word-break: initial !important; word-spacing: initial !important; overflow-wrap: initial !important; box-sizing: initial !important; display: initial !important; color: inherit !important; font-size: 13px !important; font-family: X-LocaleSpecific, sans-serif, Tahoma, Helvetica !important; line-height: 13px !important; vertical-align: top !important; white-space: inherit !important; left: 4px; top: 101px;\">\n<div id=\"s3gt_translate_tooltip_mini_logo\" class=\"s3gt_translate_tooltip_mini\" title=\"Traducir texto seleccionado\"><\/div>\n<div id=\"s3gt_translate_tooltip_mini_sound\" class=\"s3gt_translate_tooltip_mini\" title=\"Escuchar\"><\/div>\n<div id=\"s3gt_translate_tooltip_mini_copy\" class=\"s3gt_translate_tooltip_mini\" title=\"Copiar texto al Portapapeles\"><\/div>\n<\/div>\n<p>[\/et_pb_text][et_pb_text _builder_version=\u00bb3.16.1&#8243; text_font_size=\u00bb15px\u00bb text_orientation=\u00bbjustified\u00bb]Inspiraci\u00f3n, dise\u00f1o y embalaje <strong>ecofriendly<\/strong>, un desfile de <strong>envases alimentarios<\/strong>. Privilegiamos a los proveedores que respetan el medio ambiente. Ofrecemos una gama de <strong>envases<\/strong> ecoresponsables y diversificada, y en la medida de lo posible productos con certificaci\u00f3n ecoresponsable. Aconsejamos y guiamos a nuestros clientes con soluciones de embalaje m\u00e1s ecol\u00f3gicas. Ofrecemos muestras con el fin de probar el producto antes de comprarlo. Orientamos a nuestros clientes hacia nuestro cat\u00e1logo en linea, al que podr\u00e1s acceder desde la im\u00e1gen inferior.<br \/>\n[\/et_pb_text][et_pb_image src=\u00bbhttps:\/\/puntoqpack2.proyectos-lineagrafica.com\/blog\/wp-content\/uploads\/2019\/06\/packaging-gastronomico2_puntoqpack.jpg\u00bb url=\u00bbhttps:\/\/www.puntoqpack.com\/catalogo\/\u00bb url_new_window=\u00bbon\u00bb align=\u00bbcenter\u00bb _builder_version=\u00bb3.16.1&#8243;][\/et_pb_image][\/et_pb_column][\/et_pb_row][et_pb_row _builder_version=\u00bb3.0.48&#8243; background_size=\u00bbinitial\u00bb background_position=\u00bbtop_left\u00bb background_repeat=\u00bbrepeat\u00bb][et_pb_column type=\u00bb4_4&#8243; _builder_version=\u00bb3.0.47&#8243; parallax=\u00bboff\u00bb parallax_method=\u00bbon\u00bb][et_pb_divider _builder_version=\u00bb3.16.1&#8243;][\/et_pb_divider][et_pb_image src=\u00bbhttps:\/\/puntoqpack2.proyectos-lineagrafica.com\/blog\/wp-content\/uploads\/2019\/06\/packaging-gastronomico3_puntoqpack.jpg\u00bb align=\u00bbcenter\u00bb _builder_version=\u00bb3.16.1&#8243;][\/et_pb_image][\/et_pb_column][\/et_pb_row][\/et_pb_section]<\/p>\n","protected":false},"excerpt":{"rendered":"<p>Si posamos la mirada unos a\u00f1os atr\u00e1s en el tiempo, nos daremos cuenta de c\u00f3mo el packaging usado en el sector de la alimentaci\u00f3n ha evolucionado a lo largo de los a\u00f1os<\/p>\n","protected":false},"author":4,"featured_media":2687,"comment_status":"closed","ping_status":"closed","sticky":false,"template":"","format":"standard","meta":{"iawp_total_views":0,"footnotes":""},"categories":[126],"tags":[],"class_list":["post-2051","post","type-post","status-publish","format-standard","has-post-thumbnail","hentry","category-packaging"],"yoast_head":"<!-- This site is optimized with the Yoast SEO plugin v26.6 - https:\/\/yoast.com\/wordpress\/plugins\/seo\/ -->\n<title>Un viaje por el packaging gastron\u00f3mico - BlogQPack<\/title>\n<meta name=\"robots\" content=\"index, follow, max-snippet:-1, max-image-preview:large, max-video-preview:-1\" \/>\n<link rel=\"canonical\" href=\"https:\/\/www.puntoqpack.com\/blog\/es\/un-viaje-por-el-packaging-gastronomico\/\" \/>\n<meta property=\"og:locale\" content=\"es_ES\" \/>\n<meta property=\"og:type\" content=\"article\" \/>\n<meta property=\"og:title\" content=\"Un viaje por el packaging gastron\u00f3mico - BlogQPack\" \/>\n<meta property=\"og:description\" content=\"Si posamos la mirada unos a\u00f1os atr\u00e1s en el tiempo, nos daremos cuenta de c\u00f3mo el packaging usado en el sector de la alimentaci\u00f3n ha evolucionado a lo largo de los a\u00f1os\" \/>\n<meta property=\"og:url\" content=\"https:\/\/www.puntoqpack.com\/blog\/es\/un-viaje-por-el-packaging-gastronomico\/\" \/>\n<meta property=\"og:site_name\" content=\"BlogQPack\" \/>\n<meta property=\"article:publisher\" content=\"https:\/\/www.facebook.com\/puntoqpack\" \/>\n<meta property=\"article:published_time\" content=\"2019-06-12T08:53:27+00:00\" \/>\n<meta property=\"article:modified_time\" content=\"2025-09-11T10:13:26+00:00\" \/>\n<meta property=\"og:image\" content=\"https:\/\/www.puntoqpack.com\/blog\/wp-content\/uploads\/2019\/06\/packaging-gastronomico4_puntoqpack.jpg\" \/>\n\t<meta property=\"og:image:width\" content=\"861\" \/>\n\t<meta property=\"og:image:height\" content=\"342\" \/>\n\t<meta property=\"og:image:type\" content=\"image\/jpeg\" \/>\n<meta name=\"author\" content=\"adminBQP\" \/>\n<meta name=\"twitter:card\" content=\"summary_large_image\" \/>\n<meta name=\"twitter:label1\" content=\"Escrito por\" \/>\n\t<meta name=\"twitter:data1\" content=\"adminBQP\" \/>\n\t<meta name=\"twitter:label2\" content=\"Tiempo de lectura\" \/>\n\t<meta name=\"twitter:data2\" content=\"3 minutos\" \/>\n<script type=\"application\/ld+json\" class=\"yoast-schema-graph\">{\"@context\":\"https:\/\/schema.org\",\"@graph\":[{\"@type\":\"Article\",\"@id\":\"https:\/\/www.puntoqpack.com\/blog\/es\/un-viaje-por-el-packaging-gastronomico\/#article\",\"isPartOf\":{\"@id\":\"https:\/\/www.puntoqpack.com\/blog\/es\/un-viaje-por-el-packaging-gastronomico\/\"},\"author\":{\"name\":\"adminBQP\",\"@id\":\"https:\/\/www.puntoqpack.com\/blog\/#\/schema\/person\/28856d02e850632eafe8646d6d22dc09\"},\"headline\":\"Un viaje por el packaging gastron\u00f3mico\",\"datePublished\":\"2019-06-12T08:53:27+00:00\",\"dateModified\":\"2025-09-11T10:13:26+00:00\",\"mainEntityOfPage\":{\"@id\":\"https:\/\/www.puntoqpack.com\/blog\/es\/un-viaje-por-el-packaging-gastronomico\/\"},\"wordCount\":669,\"publisher\":{\"@id\":\"https:\/\/www.puntoqpack.com\/blog\/#organization\"},\"image\":{\"@id\":\"https:\/\/www.puntoqpack.com\/blog\/es\/un-viaje-por-el-packaging-gastronomico\/#primaryimage\"},\"thumbnailUrl\":\"https:\/\/www.puntoqpack.com\/blog\/wp-content\/uploads\/2019\/06\/packaging-gastronomico4_puntoqpack.jpg\",\"articleSection\":[\"Packaging\"],\"inLanguage\":\"es\"},{\"@type\":\"WebPage\",\"@id\":\"https:\/\/www.puntoqpack.com\/blog\/es\/un-viaje-por-el-packaging-gastronomico\/\",\"url\":\"https:\/\/www.puntoqpack.com\/blog\/es\/un-viaje-por-el-packaging-gastronomico\/\",\"name\":\"Un viaje por el packaging gastron\u00f3mico - BlogQPack\",\"isPartOf\":{\"@id\":\"https:\/\/www.puntoqpack.com\/blog\/#website\"},\"primaryImageOfPage\":{\"@id\":\"https:\/\/www.puntoqpack.com\/blog\/es\/un-viaje-por-el-packaging-gastronomico\/#primaryimage\"},\"image\":{\"@id\":\"https:\/\/www.puntoqpack.com\/blog\/es\/un-viaje-por-el-packaging-gastronomico\/#primaryimage\"},\"thumbnailUrl\":\"https:\/\/www.puntoqpack.com\/blog\/wp-content\/uploads\/2019\/06\/packaging-gastronomico4_puntoqpack.jpg\",\"datePublished\":\"2019-06-12T08:53:27+00:00\",\"dateModified\":\"2025-09-11T10:13:26+00:00\",\"breadcrumb\":{\"@id\":\"https:\/\/www.puntoqpack.com\/blog\/es\/un-viaje-por-el-packaging-gastronomico\/#breadcrumb\"},\"inLanguage\":\"es\",\"potentialAction\":[{\"@type\":\"ReadAction\",\"target\":[\"https:\/\/www.puntoqpack.com\/blog\/es\/un-viaje-por-el-packaging-gastronomico\/\"]}]},{\"@type\":\"ImageObject\",\"inLanguage\":\"es\",\"@id\":\"https:\/\/www.puntoqpack.com\/blog\/es\/un-viaje-por-el-packaging-gastronomico\/#primaryimage\",\"url\":\"https:\/\/www.puntoqpack.com\/blog\/wp-content\/uploads\/2019\/06\/packaging-gastronomico4_puntoqpack.jpg\",\"contentUrl\":\"https:\/\/www.puntoqpack.com\/blog\/wp-content\/uploads\/2019\/06\/packaging-gastronomico4_puntoqpack.jpg\",\"width\":861,\"height\":342},{\"@type\":\"BreadcrumbList\",\"@id\":\"https:\/\/www.puntoqpack.com\/blog\/es\/un-viaje-por-el-packaging-gastronomico\/#breadcrumb\",\"itemListElement\":[{\"@type\":\"ListItem\",\"position\":1,\"name\":\"Portada\",\"item\":\"https:\/\/www.puntoqpack.com\/blog\/\"},{\"@type\":\"ListItem\",\"position\":2,\"name\":\"Un viaje por el packaging gastron\u00f3mico\"}]},{\"@type\":\"WebSite\",\"@id\":\"https:\/\/www.puntoqpack.com\/blog\/#website\",\"url\":\"https:\/\/www.puntoqpack.com\/blog\/\",\"name\":\"BlogQPack\",\"description\":\"El blog de packaging gastron\u00f3mico de PuntoQpack\",\"publisher\":{\"@id\":\"https:\/\/www.puntoqpack.com\/blog\/#organization\"},\"potentialAction\":[{\"@type\":\"SearchAction\",\"target\":{\"@type\":\"EntryPoint\",\"urlTemplate\":\"https:\/\/www.puntoqpack.com\/blog\/?s={search_term_string}\"},\"query-input\":{\"@type\":\"PropertyValueSpecification\",\"valueRequired\":true,\"valueName\":\"search_term_string\"}}],\"inLanguage\":\"es\"},{\"@type\":\"Organization\",\"@id\":\"https:\/\/www.puntoqpack.com\/blog\/#organization\",\"name\":\"BlogQPack\",\"url\":\"https:\/\/www.puntoqpack.com\/blog\/\",\"logo\":{\"@type\":\"ImageObject\",\"inLanguage\":\"es\",\"@id\":\"https:\/\/www.puntoqpack.com\/blog\/#\/schema\/logo\/image\/\",\"url\":\"https:\/\/www.puntoqpack.com\/blog\/wp-content\/uploads\/2025\/07\/q-linkedin.jpg\",\"contentUrl\":\"https:\/\/www.puntoqpack.com\/blog\/wp-content\/uploads\/2025\/07\/q-linkedin.jpg\",\"width\":1080,\"height\":1080,\"caption\":\"BlogQPack\"},\"image\":{\"@id\":\"https:\/\/www.puntoqpack.com\/blog\/#\/schema\/logo\/image\/\"},\"sameAs\":[\"https:\/\/www.facebook.com\/puntoqpack\",\"https:\/\/www.instagram.com\/puntoqpack\/\"]},{\"@type\":\"Person\",\"@id\":\"https:\/\/www.puntoqpack.com\/blog\/#\/schema\/person\/28856d02e850632eafe8646d6d22dc09\",\"name\":\"adminBQP\",\"image\":{\"@type\":\"ImageObject\",\"inLanguage\":\"es\",\"@id\":\"https:\/\/www.puntoqpack.com\/blog\/#\/schema\/person\/image\/\",\"url\":\"https:\/\/secure.gravatar.com\/avatar\/1db9b4a149a3410a35201fd631cb338580db4a4828b82c5e8baa50c2a9765094?s=96&d=mm&r=g\",\"contentUrl\":\"https:\/\/secure.gravatar.com\/avatar\/1db9b4a149a3410a35201fd631cb338580db4a4828b82c5e8baa50c2a9765094?s=96&d=mm&r=g\",\"caption\":\"adminBQP\"},\"url\":\"https:\/\/www.puntoqpack.com\/blog\/es\/author\/aconesag\/\"}]}<\/script>\n<!-- \/ Yoast SEO plugin. -->","yoast_head_json":{"title":"Un viaje por el packaging gastron\u00f3mico - BlogQPack","robots":{"index":"index","follow":"follow","max-snippet":"max-snippet:-1","max-image-preview":"max-image-preview:large","max-video-preview":"max-video-preview:-1"},"canonical":"https:\/\/www.puntoqpack.com\/blog\/es\/un-viaje-por-el-packaging-gastronomico\/","og_locale":"es_ES","og_type":"article","og_title":"Un viaje por el packaging gastron\u00f3mico - BlogQPack","og_description":"Si posamos la mirada unos a\u00f1os atr\u00e1s en el tiempo, nos daremos cuenta de c\u00f3mo el packaging usado en el sector de la alimentaci\u00f3n ha evolucionado a lo largo de los a\u00f1os","og_url":"https:\/\/www.puntoqpack.com\/blog\/es\/un-viaje-por-el-packaging-gastronomico\/","og_site_name":"BlogQPack","article_publisher":"https:\/\/www.facebook.com\/puntoqpack","article_published_time":"2019-06-12T08:53:27+00:00","article_modified_time":"2025-09-11T10:13:26+00:00","og_image":[{"width":861,"height":342,"url":"https:\/\/www.puntoqpack.com\/blog\/wp-content\/uploads\/2019\/06\/packaging-gastronomico4_puntoqpack.jpg","type":"image\/jpeg"}],"author":"adminBQP","twitter_card":"summary_large_image","twitter_misc":{"Escrito por":"adminBQP","Tiempo de lectura":"3 minutos"},"schema":{"@context":"https:\/\/schema.org","@graph":[{"@type":"Article","@id":"https:\/\/www.puntoqpack.com\/blog\/es\/un-viaje-por-el-packaging-gastronomico\/#article","isPartOf":{"@id":"https:\/\/www.puntoqpack.com\/blog\/es\/un-viaje-por-el-packaging-gastronomico\/"},"author":{"name":"adminBQP","@id":"https:\/\/www.puntoqpack.com\/blog\/#\/schema\/person\/28856d02e850632eafe8646d6d22dc09"},"headline":"Un viaje por el packaging gastron\u00f3mico","datePublished":"2019-06-12T08:53:27+00:00","dateModified":"2025-09-11T10:13:26+00:00","mainEntityOfPage":{"@id":"https:\/\/www.puntoqpack.com\/blog\/es\/un-viaje-por-el-packaging-gastronomico\/"},"wordCount":669,"publisher":{"@id":"https:\/\/www.puntoqpack.com\/blog\/#organization"},"image":{"@id":"https:\/\/www.puntoqpack.com\/blog\/es\/un-viaje-por-el-packaging-gastronomico\/#primaryimage"},"thumbnailUrl":"https:\/\/www.puntoqpack.com\/blog\/wp-content\/uploads\/2019\/06\/packaging-gastronomico4_puntoqpack.jpg","articleSection":["Packaging"],"inLanguage":"es"},{"@type":"WebPage","@id":"https:\/\/www.puntoqpack.com\/blog\/es\/un-viaje-por-el-packaging-gastronomico\/","url":"https:\/\/www.puntoqpack.com\/blog\/es\/un-viaje-por-el-packaging-gastronomico\/","name":"Un viaje por el packaging gastron\u00f3mico - BlogQPack","isPartOf":{"@id":"https:\/\/www.puntoqpack.com\/blog\/#website"},"primaryImageOfPage":{"@id":"https:\/\/www.puntoqpack.com\/blog\/es\/un-viaje-por-el-packaging-gastronomico\/#primaryimage"},"image":{"@id":"https:\/\/www.puntoqpack.com\/blog\/es\/un-viaje-por-el-packaging-gastronomico\/#primaryimage"},"thumbnailUrl":"https:\/\/www.puntoqpack.com\/blog\/wp-content\/uploads\/2019\/06\/packaging-gastronomico4_puntoqpack.jpg","datePublished":"2019-06-12T08:53:27+00:00","dateModified":"2025-09-11T10:13:26+00:00","breadcrumb":{"@id":"https:\/\/www.puntoqpack.com\/blog\/es\/un-viaje-por-el-packaging-gastronomico\/#breadcrumb"},"inLanguage":"es","potentialAction":[{"@type":"ReadAction","target":["https:\/\/www.puntoqpack.com\/blog\/es\/un-viaje-por-el-packaging-gastronomico\/"]}]},{"@type":"ImageObject","inLanguage":"es","@id":"https:\/\/www.puntoqpack.com\/blog\/es\/un-viaje-por-el-packaging-gastronomico\/#primaryimage","url":"https:\/\/www.puntoqpack.com\/blog\/wp-content\/uploads\/2019\/06\/packaging-gastronomico4_puntoqpack.jpg","contentUrl":"https:\/\/www.puntoqpack.com\/blog\/wp-content\/uploads\/2019\/06\/packaging-gastronomico4_puntoqpack.jpg","width":861,"height":342},{"@type":"BreadcrumbList","@id":"https:\/\/www.puntoqpack.com\/blog\/es\/un-viaje-por-el-packaging-gastronomico\/#breadcrumb","itemListElement":[{"@type":"ListItem","position":1,"name":"Portada","item":"https:\/\/www.puntoqpack.com\/blog\/"},{"@type":"ListItem","position":2,"name":"Un viaje por el packaging gastron\u00f3mico"}]},{"@type":"WebSite","@id":"https:\/\/www.puntoqpack.com\/blog\/#website","url":"https:\/\/www.puntoqpack.com\/blog\/","name":"BlogQPack","description":"El blog de packaging gastron\u00f3mico de PuntoQpack","publisher":{"@id":"https:\/\/www.puntoqpack.com\/blog\/#organization"},"potentialAction":[{"@type":"SearchAction","target":{"@type":"EntryPoint","urlTemplate":"https:\/\/www.puntoqpack.com\/blog\/?s={search_term_string}"},"query-input":{"@type":"PropertyValueSpecification","valueRequired":true,"valueName":"search_term_string"}}],"inLanguage":"es"},{"@type":"Organization","@id":"https:\/\/www.puntoqpack.com\/blog\/#organization","name":"BlogQPack","url":"https:\/\/www.puntoqpack.com\/blog\/","logo":{"@type":"ImageObject","inLanguage":"es","@id":"https:\/\/www.puntoqpack.com\/blog\/#\/schema\/logo\/image\/","url":"https:\/\/www.puntoqpack.com\/blog\/wp-content\/uploads\/2025\/07\/q-linkedin.jpg","contentUrl":"https:\/\/www.puntoqpack.com\/blog\/wp-content\/uploads\/2025\/07\/q-linkedin.jpg","width":1080,"height":1080,"caption":"BlogQPack"},"image":{"@id":"https:\/\/www.puntoqpack.com\/blog\/#\/schema\/logo\/image\/"},"sameAs":["https:\/\/www.facebook.com\/puntoqpack","https:\/\/www.instagram.com\/puntoqpack\/"]},{"@type":"Person","@id":"https:\/\/www.puntoqpack.com\/blog\/#\/schema\/person\/28856d02e850632eafe8646d6d22dc09","name":"adminBQP","image":{"@type":"ImageObject","inLanguage":"es","@id":"https:\/\/www.puntoqpack.com\/blog\/#\/schema\/person\/image\/","url":"https:\/\/secure.gravatar.com\/avatar\/1db9b4a149a3410a35201fd631cb338580db4a4828b82c5e8baa50c2a9765094?s=96&d=mm&r=g","contentUrl":"https:\/\/secure.gravatar.com\/avatar\/1db9b4a149a3410a35201fd631cb338580db4a4828b82c5e8baa50c2a9765094?s=96&d=mm&r=g","caption":"adminBQP"},"url":"https:\/\/www.puntoqpack.com\/blog\/es\/author\/aconesag\/"}]}},"_links":{"self":[{"href":"https:\/\/www.puntoqpack.com\/blog\/es\/wp-json\/wp\/v2\/posts\/2051","targetHints":{"allow":["GET"]}}],"collection":[{"href":"https:\/\/www.puntoqpack.com\/blog\/es\/wp-json\/wp\/v2\/posts"}],"about":[{"href":"https:\/\/www.puntoqpack.com\/blog\/es\/wp-json\/wp\/v2\/types\/post"}],"author":[{"embeddable":true,"href":"https:\/\/www.puntoqpack.com\/blog\/es\/wp-json\/wp\/v2\/users\/4"}],"replies":[{"embeddable":true,"href":"https:\/\/www.puntoqpack.com\/blog\/es\/wp-json\/wp\/v2\/comments?post=2051"}],"version-history":[{"count":6,"href":"https:\/\/www.puntoqpack.com\/blog\/es\/wp-json\/wp\/v2\/posts\/2051\/revisions"}],"predecessor-version":[{"id":5363,"href":"https:\/\/www.puntoqpack.com\/blog\/es\/wp-json\/wp\/v2\/posts\/2051\/revisions\/5363"}],"wp:featuredmedia":[{"embeddable":true,"href":"https:\/\/www.puntoqpack.com\/blog\/es\/wp-json\/wp\/v2\/media\/2687"}],"wp:attachment":[{"href":"https:\/\/www.puntoqpack.com\/blog\/es\/wp-json\/wp\/v2\/media?parent=2051"}],"wp:term":[{"taxonomy":"category","embeddable":true,"href":"https:\/\/www.puntoqpack.com\/blog\/es\/wp-json\/wp\/v2\/categories?post=2051"},{"taxonomy":"post_tag","embeddable":true,"href":"https:\/\/www.puntoqpack.com\/blog\/es\/wp-json\/wp\/v2\/tags?post=2051"}],"curies":[{"name":"wp","href":"https:\/\/api.w.org\/{rel}","templated":true}]}}